{"id":3479,"date":"2012-10-13T08:15:27","date_gmt":"2012-10-13T07:15:27","guid":{"rendered":"http:\/\/sven-ove.nu\/?p=3479"},"modified":"2012-10-13T14:29:27","modified_gmt":"2012-10-13T13:29:27","slug":"hander-i-deje","status":"publish","type":"post","link":"https:\/\/sven-ove.nu\/?p=3479","title":{"rendered":"H\u00e4nder i Deje"},"content":{"rendered":"<p>Det h\u00e4nder saker en mil norrut. N\u00e4r vi cyklade f\u00f6rbi f\u00f6rrf\u00f6rra s\u00f6ndagen hade de byggt <strong>utomhusgym<\/strong> vid gamla stationsomr\u00e5det. Gula sp\u00e4nnande maskiner p\u00e5 gr\u00e4smattan, med den egna kroppen som vikt. Strax intill l\u00e5g boulebanan och en bur f\u00f6r burfotboll. Fullt med ungar och en boll som studsade runt d\u00e4r inne, det l\u00e4t som om de hade roligt bakom gallret.<\/p>\n<p>F\u00f6rra helgen kom en annan som sannerligen anv\u00e4nder b\u00e5de den egna kroppen och sj\u00e4len som vikt ibland. <strong>Thorsten Flinck<\/strong> och Revolutionsorkestern upptr\u00e4dde i Deje. Leve dom r\u00f6da! ropte Thorsten innan sista l\u00e5ten. En fantastisk f\u00f6rest\u00e4llning s\u00e4ger de som var d\u00e4r.<\/p>\n<p>I slutet av augusti var det <strong>Lustenrundan<\/strong> som hade ocks\u00e5 sitt epicentrum i Deje. Konst- och konsthantverksrundan med mer \u00e4n hundra medverkande och tusen bes\u00f6k. Spindeln i n\u00e4tet var samlingsutst\u00e4llningen i Folkets hus, det som somliga kallar kulturhuset nu f\u00f6r tiden.<\/p>\n<p>F\u00f6r oss slutade rundan dyrt. Men det kan det vara v\u00e4rt att f\u00e5 hem ett minilandskap, en granskog i akvarell och inte minst en vy fr\u00e5n kanten av \u00e4lven, just d\u00e4r jag brukar bli tr\u00f6tt n\u00e4r jag springer mina l\u00e5ngpass.<\/p>\n<p><strong><a href=\"https:\/\/sven-ove.nu\/wp-content\/uploads\/2012\/10\/Affisch-Gamla-Kraftstationen1.jpg\"><img loading=\"lazy\" decoding=\"async\" class=\"alignright size-medium wp-image-3481\" title=\"Affisch Gamla Kraftstationen\" src=\"https:\/\/sven-ove.nu\/wp-content\/uploads\/2012\/10\/Affisch-Gamla-Kraftstationen1-212x300.jpg\" alt=\"\" width=\"212\" height=\"300\" srcset=\"https:\/\/sven-ove.nu\/wp-content\/uploads\/2012\/10\/Affisch-Gamla-Kraftstationen1-212x300.jpg 212w, https:\/\/sven-ove.nu\/wp-content\/uploads\/2012\/10\/Affisch-Gamla-Kraftstationen1-723x1024.jpg 723w, https:\/\/sven-ove.nu\/wp-content\/uploads\/2012\/10\/Affisch-Gamla-Kraftstationen1.jpg 1753w\" sizes=\"auto, (max-width: 212px) 100vw, 212px\" \/><\/a>Sp\u00e4nnande i gamla kraftstationen<br \/>\n<\/strong>Mest f\u00f6rv\u00e5nade blev vi n\u00e4r vi klev in i det gamla kraftverket i Deje. En genial milj\u00f6 att visa konst i, hela lokalen \u00e4r ett v\u00e4lbevarat konstverk.<\/p>\n<p>I dag ska vi dit igen. Det \u00e4r 53 \u00e5r sedan jag senast gick p\u00e5 s\u00f6ndagsskola, men nu ska det ske. <strong>S\u00f6ndagsskolan<\/strong>? Ja, de kallar sig s\u00e5, ber\u00e4ttar de p\u00e5 facebook: <em>\u201dGubbar p\u00e5 bes\u00f6k i skolans musiksal p\u00e5 s\u00f6ndagar. Ibland l\u00e5ter det j-igt bra, ibland bara&#8230;.bra.<\/em>\u201d Vi k\u00e4nner n\u00e5gra av gubbarna och nu lovar de blandad rock klockan 13.00 i kraftverket.<\/p>\n<p>G\u00f4tt.<br \/>\nDet h\u00e4nder saker d\u00e4r uppe i norr.<\/p>\n<p>&nbsp;<\/p>\n<p><em>PS. S\u00e5 h\u00e4r s\u00e5g det ut sedan. Sex sk\u00f6na herrar i sk\u00f6n spelning i en perfekt lokal f\u00f6r rock och blues. Du ser v\u00e4l hur bluesens ande sv\u00e4var \u00f6ver scenen? DS.<\/em><\/p>\n<p><em><a href=\"https:\/\/sven-ove.nu\/wp-content\/uploads\/2012\/10\/S\u00f6ndagsskolan.jpg\"><\/a><a href=\"https:\/\/sven-ove.nu\/wp-content\/uploads\/2012\/10\/S\u00f6ndagsskolan1.jpg\"><img loading=\"lazy\" decoding=\"async\" class=\"alignleft size-large wp-image-3488\" title=\"S\u00f6ndagsskolan\" src=\"https:\/\/sven-ove.nu\/wp-content\/uploads\/2012\/10\/S\u00f6ndagsskolan1-e1350134469416-682x1024.jpg\" alt=\"\" width=\"640\" height=\"960\" srcset=\"https:\/\/sven-ove.nu\/wp-content\/uploads\/2012\/10\/S\u00f6ndagsskolan1-e1350134469416-682x1024.jpg 682w, https:\/\/sven-ove.nu\/wp-content\/uploads\/2012\/10\/S\u00f6ndagsskolan1-e1350134469416-200x300.jpg 200w\" sizes=\"auto, (max-width: 640px) 100vw, 640px\" \/><\/a><\/em><\/p>\n<p><em> <\/em><\/p>\n<p><em> <\/em><\/p>\n","protected":false},"excerpt":{"rendered":"<p>Det h\u00e4nder saker en mil norrut. N\u00e4r vi cyklade f\u00f6rbi f\u00f6rrf\u00f6rra s\u00f6ndagen hade de byggt utomhusgym vid gamla stationsomr\u00e5det. Gula sp\u00e4nnande maskiner p\u00e5 gr\u00e4smattan, med den egna kroppen som vikt. Strax intill l\u00e5g boulebanan och en bur f\u00f6r burfotboll. Fullt med ungar och en boll som studsade runt d\u00e4r inne, det l\u00e4t som om de &hellip; <a href=\"https:\/\/sven-ove.nu\/?p=3479\" class=\"more-link\">Forts\u00e4tt l\u00e4sa <span class=\"screen-reader-text\">H\u00e4nder i Deje<\/span><\/a><\/p>\n","protected":false},"author":1,"featured_media":0,"comment_status":"open","ping_status":"open","sticky":false,"template":"","format":"standard","meta":{"_crdt_document":"","_monsterinsights_skip_tracking":false,"_monsterinsights_sitenote_active":false,"_monsterinsights_sitenote_note":"","_monsterinsights_sitenote_category":0,"footnotes":""},"categories":[1],"tags":[3],"class_list":["post-3479","post","type-post","status-publish","format-standard","hentry","category-uncategorized","tag-arbete"],"_links":{"self":[{"href":"https:\/\/sven-ove.nu\/index.php?rest_route=\/wp\/v2\/posts\/3479","targetHints":{"allow":["GET"]}}],"collection":[{"href":"https:\/\/sven-ove.nu\/index.php?rest_route=\/wp\/v2\/posts"}],"about":[{"href":"https:\/\/sven-ove.nu\/index.php?rest_route=\/wp\/v2\/types\/post"}],"author":[{"embeddable":true,"href":"https:\/\/sven-ove.nu\/index.php?rest_route=\/wp\/v2\/users\/1"}],"replies":[{"embeddable":true,"href":"https:\/\/sven-ove.nu\/index.php?rest_route=%2Fwp%2Fv2%2Fcomments&post=3479"}],"version-history":[{"count":8,"href":"https:\/\/sven-ove.nu\/index.php?rest_route=\/wp\/v2\/posts\/3479\/revisions"}],"predecessor-version":[{"id":3486,"href":"https:\/\/sven-ove.nu\/index.php?rest_route=\/wp\/v2\/posts\/3479\/revisions\/3486"}],"wp:attachment":[{"href":"https:\/\/sven-ove.nu\/index.php?rest_route=%2Fwp%2Fv2%2Fmedia&parent=3479"}],"wp:term":[{"taxonomy":"category","embeddable":true,"href":"https:\/\/sven-ove.nu\/index.php?rest_route=%2Fwp%2Fv2%2Fcategories&post=3479"},{"taxonomy":"post_tag","embeddable":true,"href":"https:\/\/sven-ove.nu\/index.php?rest_route=%2Fwp%2Fv2%2Ftags&post=3479"}],"curies":[{"name":"wp","href":"https:\/\/api.w.org\/{rel}","templated":true}]}}