{"id":3499,"date":"2012-10-16T04:00:06","date_gmt":"2012-10-16T03:00:06","guid":{"rendered":"http:\/\/sven-ove.nu\/?p=3499"},"modified":"2012-10-15T19:43:32","modified_gmt":"2012-10-15T18:43:32","slug":"det-ska-inte-vara-latt","status":"publish","type":"post","link":"https:\/\/sven-ove.nu\/?p=3499","title":{"rendered":"Det ska inte vara l\u00e4tt"},"content":{"rendered":"<p>Kanske \u00e4r det meningen med mitt liv att skrivandet inte ska vara l\u00e4tt? Varf\u00f6r skulle det vara det? Jag <strong>ska<\/strong> vara envis och jag <strong>ska<\/strong> v\u00e4lja familjen f\u00f6re karri\u00e4ren och filmj\u00f6lksskrivandet framf\u00f6r heltidsf\u00f6rfattandet. Det kommer jag aldrig att \u00e5ngra. Jag <strong>ska<\/strong> f\u00f6rs\u00f6ka g\u00f6ra nytta p\u00e5 alla dessa arbetsplatser som l\u00e4rt mig s\u00e5 mycket om att vara m\u00e4nniska. Ett tag sitter jag till och med i en f\u00f6retagsledning.<\/p>\n<p>K\u00e4ra n\u00e5n, V\u00e5r Herre m\u00e5ste verkligen ha humor.<\/p>\n<p style=\"padding-left: 30px;\"><strong>En hel del <a href=\"https:\/\/sven-ove.nu\/?page_id=167\">texter<\/a><\/strong><strong> har jag f\u00e5tt tryckta, det f\u00e5r man \u00e4nd\u00e5 s\u00e4ga. Tjugotre b\u00f6cker och mindre skrifter i allsk\u00f6ns \u00e4mnen, dessutom medverkat i lika m\u00e5nga antologier. Tusen kr\u00f6nikor, en kortfilm, 600 scenframtr\u00e4danden, lett m\u00e4ngder med skrivarkurser, skrivit drygt 300 blogginl\u00e4gg h\u00e4r av bara farten. Men &#8211; inte det dova dunket p\u00e5 en bokhandelsdisk som jag hade t\u00e4nkt. <\/strong><\/p>\n<p><strong> <\/strong><\/p>\n<p style=\"padding-left: 30px;\"><strong>Inte \u00e4n.<\/strong><\/p>\n<p><a href=\"https:\/\/sven-ove.nu\/wp-content\/uploads\/2012\/10\/Det-var-en-m\u00f6rk...jpg\"><img loading=\"lazy\" decoding=\"async\" class=\"alignleft size-medium wp-image-3500\" title=\"Det var en m\u00f6rk..\" src=\"https:\/\/sven-ove.nu\/wp-content\/uploads\/2012\/10\/Det-var-en-m\u00f6rk..-300x179.jpg\" alt=\"\" width=\"300\" height=\"179\" srcset=\"https:\/\/sven-ove.nu\/wp-content\/uploads\/2012\/10\/Det-var-en-m\u00f6rk..-300x179.jpg 300w, https:\/\/sven-ove.nu\/wp-content\/uploads\/2012\/10\/Det-var-en-m\u00f6rk..-1024x613.jpg 1024w\" sizes=\"auto, (max-width: 300px) 100vw, 300px\" \/><\/a>Tre romaner i datorn n\u00e4stan utgivna av ett prestigef\u00f6rlag, men jag st\u00f6p p\u00e5 m\u00e5llinjen. Ett manus var med bland tio i slutgallringen, av vilka sex gavs ut. Senaste f\u00f6rlaget har inte svarat. Inte \u00e4n. Det d\u00e4r andra f\u00f6retaget som kunde ha blivit plattform f\u00f6r bloggen vill inte, tror jag. Men vad\u00e5, jag har v\u00e4l inte heller varit perfekt alla livets dagar?<\/p>\n<p>Det ska inte vara l\u00e4tt.<\/p>\n<p style=\"padding-left: 30px;\"><strong>Och \u00e4nd\u00e5: den d\u00e4r gl\u00e4djen n\u00e4r tanken och formuleringen n\u00e5gon g\u00e5ng trivs ihop. Den d\u00e4r driften att uttrycka sig som redan v\u00e5r f\u00f6rmoder grottm\u00e5lerskan och ber\u00e4ttaren vid l\u00e4gerelden k\u00e4nde.<\/strong><\/p>\n<p>Det \u00e4r l\u00e4tt.<\/p>\n<p>&nbsp;<\/p>\n","protected":false},"excerpt":{"rendered":"<p>Kanske \u00e4r det meningen med mitt liv att skrivandet inte ska vara l\u00e4tt? Varf\u00f6r skulle det vara det? Jag ska vara envis och jag ska v\u00e4lja familjen f\u00f6re karri\u00e4ren och filmj\u00f6lksskrivandet framf\u00f6r heltidsf\u00f6rfattandet. Det kommer jag aldrig att \u00e5ngra. Jag ska f\u00f6rs\u00f6ka g\u00f6ra nytta p\u00e5 alla dessa arbetsplatser som l\u00e4rt mig s\u00e5 mycket om att &hellip; <a href=\"https:\/\/sven-ove.nu\/?p=3499\" class=\"more-link\">Forts\u00e4tt l\u00e4sa <span class=\"screen-reader-text\">Det ska inte vara l\u00e4tt<\/span><\/a><\/p>\n","protected":false},"author":1,"featured_media":0,"comment_status":"open","ping_status":"open","sticky":false,"template":"","format":"standard","meta":{"_crdt_document":"","_monsterinsights_skip_tracking":false,"_monsterinsights_sitenote_active":false,"_monsterinsights_sitenote_note":"","_monsterinsights_sitenote_category":0,"footnotes":""},"categories":[4],"tags":[24,15,21],"class_list":["post-3499","post","type-post","status-publish","format-standard","hentry","category-skrivande","tag-karlek","tag-mediedjungeln","tag-ord"],"_links":{"self":[{"href":"https:\/\/sven-ove.nu\/index.php?rest_route=\/wp\/v2\/posts\/3499","targetHints":{"allow":["GET"]}}],"collection":[{"href":"https:\/\/sven-ove.nu\/index.php?rest_route=\/wp\/v2\/posts"}],"about":[{"href":"https:\/\/sven-ove.nu\/index.php?rest_route=\/wp\/v2\/types\/post"}],"author":[{"embeddable":true,"href":"https:\/\/sven-ove.nu\/index.php?rest_route=\/wp\/v2\/users\/1"}],"replies":[{"embeddable":true,"href":"https:\/\/sven-ove.nu\/index.php?rest_route=%2Fwp%2Fv2%2Fcomments&post=3499"}],"version-history":[{"count":3,"href":"https:\/\/sven-ove.nu\/index.php?rest_route=\/wp\/v2\/posts\/3499\/revisions"}],"predecessor-version":[{"id":3503,"href":"https:\/\/sven-ove.nu\/index.php?rest_route=\/wp\/v2\/posts\/3499\/revisions\/3503"}],"wp:attachment":[{"href":"https:\/\/sven-ove.nu\/index.php?rest_route=%2Fwp%2Fv2%2Fmedia&parent=3499"}],"wp:term":[{"taxonomy":"category","embeddable":true,"href":"https:\/\/sven-ove.nu\/index.php?rest_route=%2Fwp%2Fv2%2Fcategories&post=3499"},{"taxonomy":"post_tag","embeddable":true,"href":"https:\/\/sven-ove.nu\/index.php?rest_route=%2Fwp%2Fv2%2Ftags&post=3499"}],"curies":[{"name":"wp","href":"https:\/\/api.w.org\/{rel}","templated":true}]}}