{"id":3518,"date":"2012-10-20T04:00:52","date_gmt":"2012-10-20T03:00:52","guid":{"rendered":"http:\/\/sven-ove.nu\/?p=3518"},"modified":"2012-10-20T07:03:44","modified_gmt":"2012-10-20T06:03:44","slug":"var-tids-guldfeber-genom-robert-nybergs-oga","status":"publish","type":"post","link":"https:\/\/sven-ove.nu\/?p=3518","title":{"rendered":"V\u00e5r tids guldfeber genom Robert Nybergs \u00f6gon"},"content":{"rendered":"<p>Jag har haft gl\u00e4djen att arbeta med m\u00e5nga beg\u00e5vade bildskapare. <strong>Pressfotografer<\/strong> som jag bara beh\u00f6vde st\u00e4lla mig snett bakom, s\u00e5 s\u00e5g jag att bilden de just h\u00f6ll p\u00e5 att ta var rena ingressen till den text jag skulle skriva. Sedan var det bara att \u00e5ka hem till redaktionen och skriva, utifr\u00e5n ett foto jag inte hade sett, bara sett tas.<\/p>\n<p>R\u00e4tt m\u00e5nga <strong>tecknare<\/strong> har det ocks\u00e5 blivit i olika projekt som kommit i min v\u00e4g. Det var alltid lika sp\u00e4nnande att se hur de skulle ge liv \u00e5t v\u00e5rt gemensamma \u00e4mne.<\/p>\n<p>Samma sak med skrivarkurserna. Under m\u00e5nga \u00e5r var jag med och ledde s\u00e5dana kurser p\u00e5 olika h\u00e5ll. H\u00f6gskolan i Kalmar (fortbildning av journalister), Karlstads universitet, olika folkh\u00f6gskolor och studief\u00f6rbund. Hela tiden h\u00e4nde samma sak \u00e4ven d\u00e4r. Jag kom att beundra de som \u00e4r bra p\u00e5 att t\u00e4nka i bilder och ins\u00e5g en ny nytta med det.<\/p>\n<p>Till saken h\u00f6r att det var <strong>Skapande svenska<\/strong>, <strong>Levande reportage<\/strong> och den sortens tema p\u00e5 kurserna. Ibland d\u00f6k det upp pressfotografer eller duktiga amat\u00f6rkonstn\u00e4rer som deltagare, folk som ofta hade d\u00e5ligt sj\u00e4lvf\u00f6rtroende n\u00e4r de nu skulle beh\u00f6va jobba med ord.<\/p>\n<p>&#8211; Nej, jag kan inte stava. Jag skriver som en kratta.<\/p>\n<p><strong>\u00d6ga f\u00f6r detaljer<br \/>\n<\/strong>Det var alltid lika roligt att hj\u00e4lpa dem hj\u00e4lpa sig sj\u00e4lva att uppt\u00e4cka hur fel de hade. Ska du skriva trov\u00e4rdiga och levande texter, exempelvis ett reportage, d\u00e5 \u00e4r en sak viktigare \u00e4n det mesta. Du m\u00e5ste ha \u00f6gonen med dig och sinne f\u00f6r detaljer. Du m\u00e5ste leta r\u00e4tt p\u00e5 de betydelseb\u00e4rande detaljerna. Har den tunge makthavaren en hund som han \u00e4lskar, se d\u00e5 till att detta djur kommer med i texten. Min st\u00e5ende uppmaning n\u00e4r jag skickade ut dem p\u00e5 \u00f6vningar var:<\/p>\n<p>&#8211; Fr\u00e5ga va\u2019 hunn\u2019 heter.<\/p>\n<p>G\u00e5ng p\u00e5 g\u00e5ng visade det sig hur stor nytta bildm\u00e4nniskorna hade av sin l\u00e5ngvariga tr\u00e4ning i att se. N\u00e4r jag fr\u00e5gade hur de vita reflexstolparna ser ut l\u00e4ngs v\u00e4rml\u00e4ndska v\u00e4gar, nog var det fotograferna som kunde ber\u00e4tta att reflexerna \u00e4r fyrkantiga p\u00e5 ena sidan och runda p\u00e5 den andra, vilka som sitter p\u00e5 vilken sida och varf\u00f6r vissa \u00e4r orange.<\/p>\n<p>Hela tiden s\u00e5g de det andra inte s\u00e5g. De v\u00e4lsk\u00f6tta pelargonierna i sina krukor i f\u00f6nstret p\u00e5 bilverkstaden. Motorcykelhj\u00e4lmen i sakristian. Den slitna bibeln i damfotbollslagets omkl\u00e4dningsrum.<\/p>\n<p><strong>Den mest beg\u00e5vade<br \/>\n<\/strong><strong>Robert Nyberg<\/strong> har ett s\u00e5dant tr\u00e4nat \u00f6ga. Helt s\u00e4kert \u00e4r han den mest beg\u00e5vade bildskapare jag samarbetat med. Samarbeta, det \u00e4r nyckelordet.<\/p>\n<figure id=\"attachment_3542\" aria-describedby=\"caption-attachment-3542\" style=\"width: 175px\" class=\"wp-caption alignleft\"><a href=\"https:\/\/sven-ove.nu\/wp-content\/uploads\/2012\/10\/Fredrik8.jpg\"><img loading=\"lazy\" decoding=\"async\" class=\"size-full wp-image-3542\" title=\"Fredrik\" src=\"https:\/\/sven-ove.nu\/wp-content\/uploads\/2012\/10\/Fredrik8.jpg\" alt=\"\" width=\"175\" height=\"258\" \/><\/a><figcaption id=\"caption-attachment-3542\" class=\"wp-caption-text\">Fredrik.<\/figcaption><\/figure>\n<p>F\u00f6rr fanns det journalister som s\u00e5g fotografen som n\u00e5got man tog med sig och som m\u00f6jligen kunde t\u00e4nkas ha ett foto med sig hem, ofta frist\u00e5ende fr\u00e5n texten. En medhavd chauff\u00f6r, h\u00e4ndelsevis med en kamera i en rem om halsen. F\u00f6rsta stycket i den h\u00e4r texten handlar om en modernare syn p\u00e5 saken. Det \u00e4r i samarbetet mellan text och bild saker kan h\u00e4nda. Tv\u00e5 h\u00f6r mer \u00e4n en och ser s\u00e5 mycket mer.<\/p>\n<p>Detta visste jag f\u00f6rut och samarbetet med Robert st\u00e4rkte sannerligen den \u00f6vertygelsen.<\/p>\n<p>Robert Nyberg \u00e4r f\u00f6dd 1956 och tecknar p\u00e5 heltid sedan 20 \u00e5r. Kommenterar samtiden i fack- och dagspress, illustrerar b\u00f6cker, st\u00e4ller ut sina bilder och h\u00e5ller f\u00f6redrag. Ibland genom att g\u00f6ra satiriska teckningar i samspel med publiken, i \u201ddirekts\u00e4ndning\u201d. En hisnande upplevelse.<\/p>\n<p><strong>Vek division 8-spelare<br \/>\n<\/strong>Som tolv\u00e5ring flyttade han fr\u00e5n rika Danderyd till barnrika Farsta. S\u00e5 h\u00e4r skriver han sj\u00e4lv om forts\u00e4ttningen p\u00e5 sin webbplats <a href=\"http:\/\/www.robertnyberg.nu\/index.html\">robertnyberg.nu<\/a>:<\/p>\n<p style=\"padding-left: 30px;\"><em>\u201dUtbildar mig till byggnadssnickare efter gymnasiet och milt\u00e4rtj\u00e4nst i Lule\u00e5. Tecknar d\u00e5 oavl\u00f6nat i v\u00e4nsterpress och \u00e4r l\u00f6pstark men vek division 8-spelare i fotboll. G\u00e5r konstlinjen p\u00e5 Birkag\u00e5rdens folkh\u00f6gskola i tv\u00e5 \u00e5r till 1983. Frivilligarbete p\u00e5 Folket i Bild Kulturfronts redaktion. Medverkar i varje nummer av FiB ett antal \u00e5r.<\/em><\/p>\n<p style=\"padding-left: 30px;\"><em>Vid mitten av 80-talet tecknar jag regelbundet i Metallarbetaren och s\u00e5 sm\u00e5ningom ocks\u00e5 i Kamratposten. G\u00f6r ofta bilder till min bror Mikael Nybergs texter i diverse stora och sm\u00e5 tidningar, till exempel p\u00e5 Aftonbladets kultursida och i Clart\u00e9. Tecknar g\u00e4stserien en m\u00e5nad \u00e5t Dagens Nyheter 1987, d\u00e4r jag senare ocks\u00e5 ritar \u00e5t sportbilagan och ekonomisidorna. Samarbetet med f\u00f6rfattaren Johan Althoff inleds och 1990 g\u00f6r vi bilderboken Betong-Olsson. 1993 \u2019hittar\u2019 fackf\u00f6rbundet Kommunal mig och ger mina bilder ett genomslag utan motstycke i min produktion.<\/em><\/p>\n<p style=\"padding-left: 30px;\"><em>Jag \u00e4r medlem i f\u00f6reningen Svenska Tecknare, styrelseledamot under n\u00e5gra \u00e5r p\u00e5 90-talet. \u00c4r nu aktiv i Folket i Bild igen och har bland annat varit med och startat <a href=\"http:\/\/www.satirarkivet.se\/\">satirarkivet.se<\/a>, samlingsplatsen f\u00f6r satir i bild p\u00e5 n\u00e4tet.<\/em><\/p>\n<p style=\"padding-left: 30px;\"><em><a href=\"https:\/\/sven-ove.nu\/wp-content\/uploads\/2012\/10\/EU-t\u00e5get.jpg\"><img loading=\"lazy\" decoding=\"async\" class=\"alignright size-medium wp-image-3530\" title=\"EU-t\u00e5get\" src=\"https:\/\/sven-ove.nu\/wp-content\/uploads\/2012\/10\/EU-t\u00e5get-300x300.jpg\" alt=\"\" width=\"300\" height=\"300\" srcset=\"https:\/\/sven-ove.nu\/wp-content\/uploads\/2012\/10\/EU-t\u00e5get-300x300.jpg 300w, https:\/\/sven-ove.nu\/wp-content\/uploads\/2012\/10\/EU-t\u00e5get-150x150.jpg 150w, https:\/\/sven-ove.nu\/wp-content\/uploads\/2012\/10\/EU-t\u00e5get.jpg 403w\" sizes=\"auto, (max-width: 300px) 100vw, 300px\" \/><\/a>Mina bilder kan man idag hitta i bland annat ST-press, Dagens Arbete, Mitt Kommunal, Folket i Bild, Kritiska EU-fakta, Milj\u00f6magasinet, Transportarbetaren, H\u00e4r &amp; Nu och p\u00e5 Aftonbladets ledarsida. Fr\u00e5n \u00e5r 2001 arbetar Lena och jag tillsammans med id\u00e9produktionen och med framst\u00e4llningen av tryckoriginal.<\/em><\/p>\n<p style=\"padding-left: 30px;\"><em>Jag har blivit hedrad med ett antal priser genom \u00e5ren, inte minst fr\u00e5n fackf\u00f6reningsr\u00f6relsen. Nu senast ocks\u00e5 Johan Ahlb\u00e4cksstipendiet (2009) och det nyinstiftade Gormanderpriset (2010). Gormanderpriset utdelas till minne av f\u00f6rfattaren Gunnar Ohrlander. 2011 tilldelades jag det prestigefulla EWK-priset fr\u00e5n EWK-stiftelsen. Prisutdelningen skedde p\u00e5 Centrum f\u00f6r Politisk illustrationskonst\/Arbetets Museum i Norrk\u00f6ping.\u201d<\/em><\/p>\n<p><strong>Glad n\u00e4r Hans ringde<br \/>\n<\/strong>Vad Robert inte ber\u00e4ttar \u00e4r hur klok och beg\u00e5vad han \u00e4r. Jag hade f\u00f6ljt och gillat hans bilder genom \u00e5ren. D\u00e4rf\u00f6r var det en s\u00e4rskild gl\u00e4dje n\u00e4r <strong>Hans Olsson<\/strong> en dag ringde och ville att jag skulle g\u00f6ra ett studiematerial tillsammans med Robert. Hans var dynamisk <a href=\"https:\/\/sven-ove.nu\/wp-content\/uploads\/2012\/10\/Ordbok.jpg\"><img loading=\"lazy\" decoding=\"async\" class=\"alignright size-full wp-image-3524\" title=\"Ordbok\" src=\"https:\/\/sven-ove.nu\/wp-content\/uploads\/2012\/10\/Ordbok.jpg\" alt=\"\" width=\"303\" height=\"418\" srcset=\"https:\/\/sven-ove.nu\/wp-content\/uploads\/2012\/10\/Ordbok.jpg 303w, https:\/\/sven-ove.nu\/wp-content\/uploads\/2012\/10\/Ordbok-217x300.jpg 217w\" sizes=\"auto, (max-width: 303px) 100vw, 303px\" \/><\/a>studieansvarig inom Kommunal V\u00e4rmland, som den g\u00e5ngen fungerade som f\u00f6rlag, utbildningsorganisation, reseorganisat\u00f6r och flitig tillverkare av t-tr\u00f6jor med Roberts teckningar p\u00e5. Bland mycket annat.<\/p>\n<p>Det blev en bok f\u00f6r gymnasister, <strong>Ordbok<\/strong>, och ytterligare ett studiematerial. Lite senare illustrerade han ocks\u00e5 de kr\u00f6nikor jag skrev under n\u00e5gra \u00e5r f\u00f6r webbplatsen skyddsnatet.se. Framf\u00f6r allt blev det en fortsatt studie i hur en t\u00e4nkande bildmakare arbetar.<\/p>\n<p><strong>Drar ner brallorna p\u00e5 pamparna<br \/>\n<\/strong>Robert \u00e4r sannerligen ingen f\u00f6ljsam medhavd chauff\u00f6r som mer eller mindre osj\u00e4lvst\u00e4ndigt g\u00f6r en bild till en text. Inte i v\u00e5ra projekt. Han var en synnerligen aktiv deltagare ocks\u00e5 n\u00e4r sj\u00e4lva texterna skulle tas fram, id\u00e9erna och uppslagen. Ett proffs som det var en gl\u00e4dje att samarbeta med och det var verkligen inte jag som drog stora id\u00e9lasset.<\/p>\n<p style=\"padding-left: 30px;\"><strong>Det \u00e4r det d\u00e4r tr\u00e4nade \u00f6gat. Det \u00e4r den d\u00e4r blicken f\u00f6r detaljer (i b\u00e5de bild och ord) och f\u00f6r tillvarons sm\u00e5 och stora absurditeter. Teckningarna som alltid l\u00e5ter en se v\u00e4rlden tydligare, med eller utan pratbubblor.<\/strong><\/p>\n<p>S\u00e5 h\u00e4r skrev juryn i motiveringen n\u00e4r han fick EWK-priset:<\/p>\n<p style=\"padding-left: 30px;\"><em>\u201cIngen kan som Robert Nyberg dra ner brallorna p\u00e5 pampar, byr\u00e5krater och b\u00f6rsklippare. Deras fikonspr\u00e5k om rationaliseringar och vinstintressen i den offentliga sektorn avsl\u00f6jar han roligt och obarmh\u00e4rtigt.\u201d<\/em><\/p>\n<p><strong>Tjugo \u00e5rs smakprov i Guldfeber<br \/>\n<\/strong>Nu presenterar Robert rika smakprov p\u00e5 sin produktion genom \u00e5ren i en 448-sidig samling. <strong><a href=\"http:\/\/www.robertnyberg.nu\/guldfeber.html\">Guldfeber<\/a><\/strong> heter boken som nyss har kommit ut p\u00e5 <a href=\"http:\/\/karnevalforlag.se\/bocker\/guldfeber\">Karneval<\/a> f\u00f6rlag. (K\u00f6p den direkt fr\u00e5n dem, det verkar vara billigast).<\/p>\n<p><a href=\"https:\/\/sven-ove.nu\/wp-content\/uploads\/2012\/10\/Avreglering.jpg\"><img loading=\"lazy\" decoding=\"async\" class=\"alignright size-medium wp-image-3526\" title=\"Avreglering\" src=\"https:\/\/sven-ove.nu\/wp-content\/uploads\/2012\/10\/Avreglering-300x212.jpg\" alt=\"\" width=\"300\" height=\"212\" srcset=\"https:\/\/sven-ove.nu\/wp-content\/uploads\/2012\/10\/Avreglering-300x212.jpg 300w, https:\/\/sven-ove.nu\/wp-content\/uploads\/2012\/10\/Avreglering.jpg 462w\" sizes=\"auto, (max-width: 300px) 100vw, 300px\" \/><\/a>F\u00e5 svenska konstn\u00e4rer har f\u00e5tt sina bilder lika spridda. De har synts i tunnelbanan, de har synts p\u00e5 vykort och flygblad i miljonupplagor, de finns i seriestrippar och p\u00e5 t-tr\u00f6jor. Alltid p\u00e5 undersk\u00f6terskornas och st\u00e4derskornas sida, formulerar han de tankar som vi i svenska folket inte visste att vi t\u00e4nkte.<\/p>\n<p>Bilderna \u00e4r l\u00e4tta att k\u00e4nna igen, skriver f\u00f6rlaget. Ja, verkligen. Humorn \u00e4r varm, satiren arg och pennan vass men m\u00e4nsklig. Urvalet av teckningar i Guldfeber \u00e4r gener\u00f6st och tillsammans skapar de en myllrande bild av Sverige och v\u00e4rlden de senaste tjugo \u00e5ren. Mycken kritik, m\u00e5nga aha-upplevelser. Tillsammans ber\u00e4ttar de en sedel\u00e4rande historia om hur v\u00e4rlden \u00e4r och kunde vara. M\u00e5nga skratt och sm\u00e5leenden, mycken inspiration. Hela tiden visar han oss vilka m\u00f6jligheter den tecknade bilden har.<\/p>\n<p><strong>\u201dGomorron. L\u00e4ggdags\u201d<br \/>\n<\/strong>L\u00e4s den h\u00e4r <a href=\"http:\/\/www.aftonbladet.se\/kultur\/bokrecensioner\/article15622630.ab\" target=\"_blank\">boken<\/a>. L\u00e5na den p\u00e5 bibliotek, k\u00f6p hem den till fackexpeditionen, unna dig den i julklapp eller h\u00f6stpresent. Det \u00e4r en s\u00e5dan gl\u00e4dje att se Robert dra ner de d\u00e4r byxorna p\u00e5 pampar, byr\u00e5krater och b\u00f6rsklippare.<\/p>\n<p style=\"padding-left: 30px;\"><strong><em>\u201dGomorron. L\u00e4ggdags.\u201d <\/em>Kan den beskrivas b\u00e4ttre, undersk\u00f6terskornas och de gamlas vardag p\u00e5 institutionen? Id\u00e9n fick han i hissen p\u00e5 v\u00e4g ner till tv\u00e4ttstugan. Den kom s\u00e5 snabbt och beh\u00f6vde inte ens visas f\u00f6r hustrun Lena f\u00f6r godk\u00e4nnande. Hur m\u00e5nga tusen har lett igenk\u00e4nnande sedan dess \u00e5t teckningen med pratbubblan?<\/strong><\/p>\n<p>Gomorron.<br \/>\nL\u00e4ggdags.<\/p>\n<p>&nbsp;<\/p>\n<p><a href=\"https:\/\/sven-ove.nu\/wp-content\/uploads\/2012\/10\/Gomorron.-L\u00e4ggdags1.jpg\"><img loading=\"lazy\" decoding=\"async\" class=\"aligncenter size-full wp-image-3533\" title=\"Gomorron. L\u00e4ggdags\" src=\"https:\/\/sven-ove.nu\/wp-content\/uploads\/2012\/10\/Gomorron.-L\u00e4ggdags1.jpg\" alt=\"\" width=\"403\" height=\"403\" srcset=\"https:\/\/sven-ove.nu\/wp-content\/uploads\/2012\/10\/Gomorron.-L\u00e4ggdags1.jpg 403w, https:\/\/sven-ove.nu\/wp-content\/uploads\/2012\/10\/Gomorron.-L\u00e4ggdags1-150x150.jpg 150w, https:\/\/sven-ove.nu\/wp-content\/uploads\/2012\/10\/Gomorron.-L\u00e4ggdags1-300x300.jpg 300w\" sizes=\"auto, (max-width: 403px) 100vw, 403px\" \/><\/a><\/p>\n<p>&nbsp;<\/p>\n<p>&nbsp;<\/p>\n","protected":false},"excerpt":{"rendered":"<p>Jag har haft gl\u00e4djen att arbeta med m\u00e5nga beg\u00e5vade bildskapare. Pressfotografer som jag bara beh\u00f6vde st\u00e4lla mig snett bakom, s\u00e5 s\u00e5g jag att bilden de just h\u00f6ll p\u00e5 att ta var rena ingressen till den text jag skulle skriva. Sedan var det bara att \u00e5ka hem till redaktionen och skriva, utifr\u00e5n ett foto jag inte &hellip; <a href=\"https:\/\/sven-ove.nu\/?p=3518\" class=\"more-link\">Forts\u00e4tt l\u00e4sa <span class=\"screen-reader-text\">V\u00e5r tids guldfeber genom Robert Nybergs \u00f6gon<\/span><\/a><\/p>\n","protected":false},"author":1,"featured_media":0,"comment_status":"open","ping_status":"open","sticky":false,"template":"","format":"standard","meta":{"_crdt_document":"","_monsterinsights_skip_tracking":false,"_monsterinsights_sitenote_active":false,"_monsterinsights_sitenote_note":"","_monsterinsights_sitenote_category":0,"footnotes":""},"categories":[9,4],"tags":[3,24,21,17],"class_list":["post-3518","post","type-post","status-publish","format-standard","hentry","category-politik","category-skrivande","tag-arbete","tag-karlek","tag-ord","tag-solidaritet"],"_links":{"self":[{"href":"https:\/\/sven-ove.nu\/index.php?rest_route=\/wp\/v2\/posts\/3518","targetHints":{"allow":["GET"]}}],"collection":[{"href":"https:\/\/sven-ove.nu\/index.php?rest_route=\/wp\/v2\/posts"}],"about":[{"href":"https:\/\/sven-ove.nu\/index.php?rest_route=\/wp\/v2\/types\/post"}],"author":[{"embeddable":true,"href":"https:\/\/sven-ove.nu\/index.php?rest_route=\/wp\/v2\/users\/1"}],"replies":[{"embeddable":true,"href":"https:\/\/sven-ove.nu\/index.php?rest_route=%2Fwp%2Fv2%2Fcomments&post=3518"}],"version-history":[{"count":16,"href":"https:\/\/sven-ove.nu\/index.php?rest_route=\/wp\/v2\/posts\/3518\/revisions"}],"predecessor-version":[{"id":3577,"href":"https:\/\/sven-ove.nu\/index.php?rest_route=\/wp\/v2\/posts\/3518\/revisions\/3577"}],"wp:attachment":[{"href":"https:\/\/sven-ove.nu\/index.php?rest_route=%2Fwp%2Fv2%2Fmedia&parent=3518"}],"wp:term":[{"taxonomy":"category","embeddable":true,"href":"https:\/\/sven-ove.nu\/index.php?rest_route=%2Fwp%2Fv2%2Fcategories&post=3518"},{"taxonomy":"post_tag","embeddable":true,"href":"https:\/\/sven-ove.nu\/index.php?rest_route=%2Fwp%2Fv2%2Ftags&post=3518"}],"curies":[{"name":"wp","href":"https:\/\/api.w.org\/{rel}","templated":true}]}}