{"id":3548,"date":"2012-10-19T04:00:02","date_gmt":"2012-10-19T03:00:02","guid":{"rendered":"http:\/\/sven-ove.nu\/?p=3548"},"modified":"2012-10-19T15:19:01","modified_gmt":"2012-10-19T14:19:01","slug":"zlatan-forvanar","status":"publish","type":"post","link":"https:\/\/sven-ove.nu\/?p=3548","title":{"rendered":"Zlatan f\u00f6rv\u00e5nar"},"content":{"rendered":"<p>Jag har v\u00e4nner som inte gillar <a href=\"http:\/\/www.albertbonniersforlag.se\/Bocker-auto\/Bokpresentationssida\/?isbn=9789100126537\">Zlatans bok<\/a> p\u00e5 grund av spr\u00e5ket. Sj\u00e4lv tycker jag tv\u00e4rt om att f\u00f6rfattaren David Lagercrantz har lyckats gestalta honom som person p\u00e5 ett utm\u00e4rkt s\u00e4tt, \u00e4ven rent spr\u00e5kligt. Upp ur boksidorna stiger en r\u00f6st.<\/p>\n<p>Boken fick mig att f\u00f6rst\u00e5 Zlatan Ibrahimovic b\u00e4ttre. Allt g\u00e5r ju inte att \u00e4lska, cykelst\u00f6lder och annat, men ber\u00e4ttelsen g\u00f6r att jag begriper hur han blivit som han \u00e4r.<\/p>\n<p style=\"padding-left: 30px;\"><strong>Gudaben\u00e5dad fotbollsspelare \u00e4r han, det visste vi. St\u00f6nig som varje elitidrottsman m\u00e5ste vara in\u00e5t \u2013 har han anv\u00e4nt den envisheten \u00e4ven ut\u00e5t lite v\u00e4l ofta. Tjurig som f\u00e5. D\u00e4rf\u00f6r \u00e4r det intressant att Zlatan nu lyckas f\u00f6rv\u00e5na oss som retat oss p\u00e5 den saken.<\/strong><\/p>\n<p>Jag t\u00e4nker p\u00e5 tolv\u00e5ringen p\u00e5 F\u00e4r\u00f6arna som fick <a href=\"http:\/\/www.aftonbladet.se\/sportbladet\/fotboll\/landslagsfotboll\/vmkvalet\/article15606739.ab\">Zlatans byxor<\/a> (!) efter matchen, n\u00e4r han bad om tr\u00f6jan. Jag t\u00e4nker p\u00e5 hur Zlatan klev fram som <a href=\"http:\/\/www.aftonbladet.se\/sportbladet\/fotboll\/landslagsfotboll\/landslaget\/article15627363.ab\">verklig lagkapten<\/a> i matchen mot Tyskland, n\u00e4r allt s\u00e5g som svartast ut. Det m\u00e4rktes tydligt n\u00e4r han h\u00e4mtade bollen efter sitt nickm\u00e5l och sprang mot mittpunkten med den. Nu j\u00e4drar k\u00f6r vi. Allra tydligast n\u00e4r han \u00f6msint klappade om debutanten Tobias Sana, efter att denne missat \u00f6ppet m\u00e5l.<\/p>\n<p>Gillar.<\/p>\n<p>&nbsp;<\/p>\n<p><a href=\"https:\/\/sven-ove.nu\/wp-content\/uploads\/2012\/10\/Aftonbladet-om-tolv\u00e5ringen.png\"><img loading=\"lazy\" decoding=\"async\" class=\"alignleft size-medium wp-image-3549\" title=\"Aftonbladet om tolv\u00e5ringen\" src=\"https:\/\/sven-ove.nu\/wp-content\/uploads\/2012\/10\/Aftonbladet-om-tolv\u00e5ringen-300x262.png\" alt=\"\" width=\"300\" height=\"262\" srcset=\"https:\/\/sven-ove.nu\/wp-content\/uploads\/2012\/10\/Aftonbladet-om-tolv\u00e5ringen-300x262.png 300w, https:\/\/sven-ove.nu\/wp-content\/uploads\/2012\/10\/Aftonbladet-om-tolv\u00e5ringen.png 612w\" sizes=\"auto, (max-width: 300px) 100vw, 300px\" \/><\/a><\/p>\n<p>&nbsp;<\/p>\n<p>&nbsp;<\/p>\n<p>&nbsp;<\/p>\n<p>&nbsp;<\/p>\n<p>&nbsp;<\/p>\n<p>&nbsp;<\/p>\n","protected":false},"excerpt":{"rendered":"<p>Jag har v\u00e4nner som inte gillar Zlatans bok p\u00e5 grund av spr\u00e5ket. Sj\u00e4lv tycker jag tv\u00e4rt om att f\u00f6rfattaren David Lagercrantz har lyckats gestalta honom som person p\u00e5 ett utm\u00e4rkt s\u00e4tt, \u00e4ven rent spr\u00e5kligt. Upp ur boksidorna stiger en r\u00f6st. Boken fick mig att f\u00f6rst\u00e5 Zlatan Ibrahimovic b\u00e4ttre. Allt g\u00e5r ju inte att \u00e4lska, cykelst\u00f6lder &hellip; <a href=\"https:\/\/sven-ove.nu\/?p=3548\" class=\"more-link\">Forts\u00e4tt l\u00e4sa <span class=\"screen-reader-text\">Zlatan f\u00f6rv\u00e5nar<\/span><\/a><\/p>\n","protected":false},"author":1,"featured_media":0,"comment_status":"open","ping_status":"open","sticky":false,"template":"","format":"standard","meta":{"_crdt_document":"","_monsterinsights_skip_tracking":false,"_monsterinsights_sitenote_active":false,"_monsterinsights_sitenote_note":"","_monsterinsights_sitenote_category":0,"footnotes":""},"categories":[1],"tags":[18,14,15,17],"class_list":["post-3548","post","type-post","status-publish","format-standard","hentry","category-uncategorized","tag-lardomar","tag-lasning","tag-mediedjungeln","tag-solidaritet"],"_links":{"self":[{"href":"https:\/\/sven-ove.nu\/index.php?rest_route=\/wp\/v2\/posts\/3548","targetHints":{"allow":["GET"]}}],"collection":[{"href":"https:\/\/sven-ove.nu\/index.php?rest_route=\/wp\/v2\/posts"}],"about":[{"href":"https:\/\/sven-ove.nu\/index.php?rest_route=\/wp\/v2\/types\/post"}],"author":[{"embeddable":true,"href":"https:\/\/sven-ove.nu\/index.php?rest_route=\/wp\/v2\/users\/1"}],"replies":[{"embeddable":true,"href":"https:\/\/sven-ove.nu\/index.php?rest_route=%2Fwp%2Fv2%2Fcomments&post=3548"}],"version-history":[{"count":8,"href":"https:\/\/sven-ove.nu\/index.php?rest_route=\/wp\/v2\/posts\/3548\/revisions"}],"predecessor-version":[{"id":3576,"href":"https:\/\/sven-ove.nu\/index.php?rest_route=\/wp\/v2\/posts\/3548\/revisions\/3576"}],"wp:attachment":[{"href":"https:\/\/sven-ove.nu\/index.php?rest_route=%2Fwp%2Fv2%2Fmedia&parent=3548"}],"wp:term":[{"taxonomy":"category","embeddable":true,"href":"https:\/\/sven-ove.nu\/index.php?rest_route=%2Fwp%2Fv2%2Fcategories&post=3548"},{"taxonomy":"post_tag","embeddable":true,"href":"https:\/\/sven-ove.nu\/index.php?rest_route=%2Fwp%2Fv2%2Ftags&post=3548"}],"curies":[{"name":"wp","href":"https:\/\/api.w.org\/{rel}","templated":true}]}}