{"id":3643,"date":"2012-10-31T04:00:03","date_gmt":"2012-10-31T03:00:03","guid":{"rendered":"http:\/\/sven-ove.nu\/?p=3643"},"modified":"2012-10-31T06:37:09","modified_gmt":"2012-10-31T05:37:09","slug":"snalla-tidningsjournalister-slut","status":"publish","type":"post","link":"https:\/\/sven-ove.nu\/?p=3643","title":{"rendered":"Sn\u00e4lla tidningsjournalister, sluta"},"content":{"rendered":"<p>Tidningarna g\u00f6r tv. Radion publicerar foton. Tv-stationerna skriver l\u00e5nga nyhetsartiklar. Webben har verkligen f\u00e5tt v\u00e5ra medier att flyta samman, ibland till n\u00e5got bra, ibland till en riktig s\u00f6rja. Fortare och fortare vr\u00e4ker nyheterna \u00f6ver oss.<\/p>\n<p>Fl\u00f6det passar mig fint som ibland jobbar med att f\u00f6lja s\u00e5dant. Nyhetsn\u00f6rd har jag varit \u00e4nda sedan jag fick r\u00e5det inf\u00f6r intr\u00e4desprovet till Journalisth\u00f6gskolan: <em>\u201dPrenumerera p\u00e5 DN ett halv\u00e5r och l\u00e4s det mesta. Lyssna p\u00e5 alla nyhetss\u00e4ndningar p\u00e5 radio. Titta p\u00e5 alla nyheter p\u00e5 tv.\u201d<\/em><\/p>\n<p>Det r\u00e5det var l\u00e4ttare att f\u00f6lja 1973 \u00e4n i dag. Gubbarna p\u00e5 s\u00e5gen tittade visserligen kritiskt, n\u00e4r jag satt p\u00e5 ett f\u00e4rskt br\u00e4dpaket p\u00e5 rasterna och l\u00e4ste den malliga tidningen. Visst. Fast etermedias\u00e4ndningarna var f\u00e4rre. Nu str\u00f6mmar de genom luften hela tiden.<\/p>\n<p><strong>D\u00e5 ska jag sp\u00f6ka f\u00f6r er<br \/>\n<\/strong>Jag st\u00e5r ut och bejakar mycket. D\u00f6dar ni <a href=\"http:\/\/www.vf.se\">papperstidningen<\/a> ska jag <a href=\"http:\/\/www.nwt.se\">sp\u00f6ka<\/a> f\u00f6r er, men det l\u00e4r ni inte lyckas med. Fast pappersmurvlarna f\u00e5r sk\u00e4rpa sig och r\u00e4kna ut b\u00e4ttre vad de ska vara bra f\u00f6r. <strong>Ber\u00e4ttelsen<\/strong>, det \u00e4r vad jag tror p\u00e5. Den <strong>personliga r\u00f6sten<\/strong>. Det <strong>f\u00f6rdjupade samtalet<\/strong>. Korta nyheter ocks\u00e5 f\u00f6rst\u00e5s, nyheter \u00e4r varje dagstidnings ryggrad. Men ni f\u00e5r f\u00f6rbaske mig bli b\u00e4ttre p\u00e5 att hitta er unika r\u00f6st om inte tidningen ska d\u00f6 l\u00e5ngt f\u00f6re den yngste prenumeranten.<\/p>\n<p>B\u00e4st ber\u00e4ttare vinner.<\/p>\n<p style=\"padding-left: 30px;\"><em>Ett sista r\u00e5d fr\u00e5n en v\u00e4n. Sluta f\u00f6r Guds skull g\u00f6ra amat\u00f6r-tv. En del papperstidningswebb-tv jag sett f\u00e5r kungahuset <a href=\"http:\/\/vimeo.com\/52100073?action=share&amp;post_id=535264810_419327451467234#_=_\">f\u00f6rlovningsfilmer<\/a> att framst\u00e5 som om de vore regisserade av Ingmar Bergman, Francis Ford Coppola och <\/em><em>Milo\u0161 Forman <\/em><em>i h\u00f6gform. Sn\u00e4lla, sluta.<\/em><\/p>\n<p style=\"padding-left: 30px;\"><em> <\/em><\/p>\n<p style=\"padding-left: 30px;\"><em>Tv \u00e4r b\u00e4st p\u00e5 tv.<br \/>\n<\/em><em>Ett jobb blir b\u00e4st gjort n\u00e4r den som g\u00f6r det kan.<\/em><\/p>\n<p style=\"padding-left: 30px;\"><em><br \/>\n<\/em><\/p>\n<p style=\"padding-left: 30px;\"><em><a href=\"https:\/\/sven-ove.nu\/wp-content\/uploads\/2012\/10\/Cykla-bakl\u00e4nges-i-sn\u00f6.jpg\"><img loading=\"lazy\" decoding=\"async\" class=\"alignleft size-medium wp-image-3648\" title=\"Cykla bakl\u00e4nges i sn\u00f6\" src=\"https:\/\/sven-ove.nu\/wp-content\/uploads\/2012\/10\/Cykla-bakl\u00e4nges-i-sn\u00f6-300x200.jpg\" alt=\"\" width=\"300\" height=\"200\" srcset=\"https:\/\/sven-ove.nu\/wp-content\/uploads\/2012\/10\/Cykla-bakl\u00e4nges-i-sn\u00f6-300x200.jpg 300w, https:\/\/sven-ove.nu\/wp-content\/uploads\/2012\/10\/Cykla-bakl\u00e4nges-i-sn\u00f6-1024x682.jpg 1024w\" sizes=\"auto, (max-width: 300px) 100vw, 300px\" \/><\/a><\/em><\/p>\n<p style=\"padding-left: 30px;\">&nbsp;<\/p>\n<p style=\"padding-left: 30px;\">&nbsp;<\/p>\n<p style=\"padding-left: 30px;\">&nbsp;<\/p>\n<p style=\"padding-left: 30px;\">&nbsp;<\/p>\n<p style=\"padding-left: 30px;\">&nbsp;<\/p>\n<p style=\"padding-left: 30px;\"><em><br \/>\n<\/em><\/p>\n","protected":false},"excerpt":{"rendered":"<p>Tidningarna g\u00f6r tv. Radion publicerar foton. Tv-stationerna skriver l\u00e5nga nyhetsartiklar. Webben har verkligen f\u00e5tt v\u00e5ra medier att flyta samman, ibland till n\u00e5got bra, ibland till en riktig s\u00f6rja. Fortare och fortare vr\u00e4ker nyheterna \u00f6ver oss. Fl\u00f6det passar mig fint som ibland jobbar med att f\u00f6lja s\u00e5dant. Nyhetsn\u00f6rd har jag varit \u00e4nda sedan jag fick r\u00e5det &hellip; <a href=\"https:\/\/sven-ove.nu\/?p=3643\" class=\"more-link\">Forts\u00e4tt l\u00e4sa <span class=\"screen-reader-text\">Sn\u00e4lla tidningsjournalister, sluta<\/span><\/a><\/p>\n","protected":false},"author":1,"featured_media":0,"comment_status":"open","ping_status":"open","sticky":false,"template":"","format":"standard","meta":{"_crdt_document":"","_monsterinsights_skip_tracking":false,"_monsterinsights_sitenote_active":false,"_monsterinsights_sitenote_note":"","_monsterinsights_sitenote_category":0,"footnotes":""},"categories":[4],"tags":[15,20],"class_list":["post-3643","post","type-post","status-publish","format-standard","hentry","category-skrivande","tag-mediedjungeln","tag-rad"],"_links":{"self":[{"href":"https:\/\/sven-ove.nu\/index.php?rest_route=\/wp\/v2\/posts\/3643","targetHints":{"allow":["GET"]}}],"collection":[{"href":"https:\/\/sven-ove.nu\/index.php?rest_route=\/wp\/v2\/posts"}],"about":[{"href":"https:\/\/sven-ove.nu\/index.php?rest_route=\/wp\/v2\/types\/post"}],"author":[{"embeddable":true,"href":"https:\/\/sven-ove.nu\/index.php?rest_route=\/wp\/v2\/users\/1"}],"replies":[{"embeddable":true,"href":"https:\/\/sven-ove.nu\/index.php?rest_route=%2Fwp%2Fv2%2Fcomments&post=3643"}],"version-history":[{"count":8,"href":"https:\/\/sven-ove.nu\/index.php?rest_route=\/wp\/v2\/posts\/3643\/revisions"}],"predecessor-version":[{"id":3652,"href":"https:\/\/sven-ove.nu\/index.php?rest_route=\/wp\/v2\/posts\/3643\/revisions\/3652"}],"wp:attachment":[{"href":"https:\/\/sven-ove.nu\/index.php?rest_route=%2Fwp%2Fv2%2Fmedia&parent=3643"}],"wp:term":[{"taxonomy":"category","embeddable":true,"href":"https:\/\/sven-ove.nu\/index.php?rest_route=%2Fwp%2Fv2%2Fcategories&post=3643"},{"taxonomy":"post_tag","embeddable":true,"href":"https:\/\/sven-ove.nu\/index.php?rest_route=%2Fwp%2Fv2%2Ftags&post=3643"}],"curies":[{"name":"wp","href":"https:\/\/api.w.org\/{rel}","templated":true}]}}