{"id":3666,"date":"2012-11-03T04:00:23","date_gmt":"2012-11-03T03:00:23","guid":{"rendered":"http:\/\/sven-ove.nu\/?p=3666"},"modified":"2012-11-02T09:54:11","modified_gmt":"2012-11-02T08:54:11","slug":"nar-det-blaser-pa-rikt-folk","status":"publish","type":"post","link":"https:\/\/sven-ove.nu\/?p=3666","title":{"rendered":"N\u00e4r det bl\u00e5ser p\u00e5 rikt folk"},"content":{"rendered":"<p>V\u00e4rlden \u00e4r or\u00e4ttvis, det beh\u00f6vde vi inte G\u00f6ran Palms bok \u00e5r 1966 f\u00f6r att inse. <strong><a href=\"http:\/\/karnevalforlag.se\/bocker\/en-orattvis-betraktelse\">En or\u00e4ttvis betraktelse<\/a><\/strong> \u2013 den kunde man skriva varje dag. Ekonomisk or\u00e4ttvisa. V\u00e4derm\u00e4ssig or\u00e4ttvisa. Redaktionell or\u00e4ttvisa. Bl\u00e5ser det p\u00e5 Kuba och resten av Karibien, d\u00e5 h\u00f6rs inget sus i knutarna p\u00e5 v\u00e4sterlandets redaktioner. Drar vinden vidare till nordamerikanska fastlandet, d\u00e5 viner det till i rutorna.<\/p>\n<p>Det d\u00e4r vet alla som har en solig sommardag d\u00e4r hemma, men f\u00e5r se p\u00e5 tv att Sverige har skyfall, f\u00f6r det har de i centrala Stockholm. Alla som varit lokalredakt\u00f6rer k\u00e4nner ocks\u00e5 till fenomenet. Det som ber\u00f6r centralredaktionens n\u00e4rmaste kvarter sl\u00e5r ofta ut vad som h\u00e4nder i vidstr\u00e4cktare trakter i det de tror \u00e4r en periferi.<\/p>\n<p>Och \u00e4nd\u00e5 bor varje m\u00e4nniska centralt.<\/p>\n<p><a href=\"https:\/\/sven-ove.nu\/wp-content\/uploads\/2012\/11\/Bl\u00e5ste-h\u00e4r-med.png\"><img loading=\"lazy\" decoding=\"async\" class=\"alignleft size-medium wp-image-3667\" title=\"Bl\u00e5ste h\u00e4r med\" src=\"https:\/\/sven-ove.nu\/wp-content\/uploads\/2012\/11\/Bl\u00e5ste-h\u00e4r-med-300x202.png\" alt=\"\" width=\"300\" height=\"202\" srcset=\"https:\/\/sven-ove.nu\/wp-content\/uploads\/2012\/11\/Bl\u00e5ste-h\u00e4r-med-300x202.png 300w, https:\/\/sven-ove.nu\/wp-content\/uploads\/2012\/11\/Bl\u00e5ste-h\u00e4r-med.png 574w\" sizes=\"auto, (max-width: 300px) 100vw, 300px\" \/><\/a><\/p>\n<p>&nbsp;<\/p>\n<p>&nbsp;<\/p>\n<p>&nbsp;<\/p>\n<p>&nbsp;<\/p>\n<p>&nbsp;<\/p>\n","protected":false},"excerpt":{"rendered":"<p>V\u00e4rlden \u00e4r or\u00e4ttvis, det beh\u00f6vde vi inte G\u00f6ran Palms bok \u00e5r 1966 f\u00f6r att inse. En or\u00e4ttvis betraktelse \u2013 den kunde man skriva varje dag. Ekonomisk or\u00e4ttvisa. V\u00e4derm\u00e4ssig or\u00e4ttvisa. Redaktionell or\u00e4ttvisa. Bl\u00e5ser det p\u00e5 Kuba och resten av Karibien, d\u00e5 h\u00f6rs inget sus i knutarna p\u00e5 v\u00e4sterlandets redaktioner. Drar vinden vidare till nordamerikanska fastlandet, d\u00e5 &hellip; <a href=\"https:\/\/sven-ove.nu\/?p=3666\" class=\"more-link\">Forts\u00e4tt l\u00e4sa <span class=\"screen-reader-text\">N\u00e4r det bl\u00e5ser p\u00e5 rikt folk<\/span><\/a><\/p>\n","protected":false},"author":1,"featured_media":0,"comment_status":"open","ping_status":"open","sticky":false,"template":"","format":"standard","meta":{"_crdt_document":"","_monsterinsights_skip_tracking":false,"_monsterinsights_sitenote_active":false,"_monsterinsights_sitenote_note":"","_monsterinsights_sitenote_category":0,"footnotes":""},"categories":[4],"tags":[18,15],"class_list":["post-3666","post","type-post","status-publish","format-standard","hentry","category-skrivande","tag-lardomar","tag-mediedjungeln"],"_links":{"self":[{"href":"https:\/\/sven-ove.nu\/index.php?rest_route=\/wp\/v2\/posts\/3666","targetHints":{"allow":["GET"]}}],"collection":[{"href":"https:\/\/sven-ove.nu\/index.php?rest_route=\/wp\/v2\/posts"}],"about":[{"href":"https:\/\/sven-ove.nu\/index.php?rest_route=\/wp\/v2\/types\/post"}],"author":[{"embeddable":true,"href":"https:\/\/sven-ove.nu\/index.php?rest_route=\/wp\/v2\/users\/1"}],"replies":[{"embeddable":true,"href":"https:\/\/sven-ove.nu\/index.php?rest_route=%2Fwp%2Fv2%2Fcomments&post=3666"}],"version-history":[{"count":3,"href":"https:\/\/sven-ove.nu\/index.php?rest_route=\/wp\/v2\/posts\/3666\/revisions"}],"predecessor-version":[{"id":3670,"href":"https:\/\/sven-ove.nu\/index.php?rest_route=\/wp\/v2\/posts\/3666\/revisions\/3670"}],"wp:attachment":[{"href":"https:\/\/sven-ove.nu\/index.php?rest_route=%2Fwp%2Fv2%2Fmedia&parent=3666"}],"wp:term":[{"taxonomy":"category","embeddable":true,"href":"https:\/\/sven-ove.nu\/index.php?rest_route=%2Fwp%2Fv2%2Fcategories&post=3666"},{"taxonomy":"post_tag","embeddable":true,"href":"https:\/\/sven-ove.nu\/index.php?rest_route=%2Fwp%2Fv2%2Ftags&post=3666"}],"curies":[{"name":"wp","href":"https:\/\/api.w.org\/{rel}","templated":true}]}}