{"id":3671,"date":"2012-11-02T10:15:39","date_gmt":"2012-11-02T09:15:39","guid":{"rendered":"http:\/\/sven-ove.nu\/?p=3671"},"modified":"2012-11-02T10:33:23","modified_gmt":"2012-11-02T09:33:23","slug":"alning-medels-hasning-for-karlstadsmoderater","status":"publish","type":"post","link":"https:\/\/sven-ove.nu\/?p=3671","title":{"rendered":"\u00c5lning medels hasning f\u00f6r karlstadsmoderater"},"content":{"rendered":"<p>Moderaterna i Karlstad l\u00e5ter \u00f6verste Klang h\u00e5lla regelr\u00e4tta f\u00f6rh\u00f6r med alla aktiva, skriver Nya Wermlands-Tidningen i en <a href=\"http:\/\/nwt.se\/asikter\/ledare\/article1194301.ece\">ledarkommentar<\/a>.<\/p>\n<p>K\u00e4nns bra. En h\u00f6ger ska vara h\u00f6ger, blir det interna br\u00e5k ska den kalla in en \u00f6verste.\u00a0Jag har alltid tyckt att Sverige beh\u00f6ver lag och ordning och ett starkt f\u00f6rsvar.<\/p>\n<p>Nu blir det sp\u00e4nnande att se vilka som hamnar i arresten, vilka som f\u00e5r straffkommendering och vilka som blir skamligen hemskickade med frisedel. \u00c4r moderata politiker dretiga p\u00e5 hakor, kn\u00e4n, br\u00f6st och magar vid n\u00e4sta kommunfullm\u00e4ktige, d\u00e5 har han haft dem att \u00e5la medels hasning \u00f6ver hela Norra f\u00e4ltet.<\/p>\n<p>Man\u00f6ver.<\/p>\n<p>&nbsp;<\/p>\n<p><a href=\"https:\/\/sven-ove.nu\/wp-content\/uploads\/2012\/11\/Ny-moderat.jpg\"><img loading=\"lazy\" decoding=\"async\" class=\"alignleft size-medium wp-image-3673\" title=\"Ny moderat\" src=\"https:\/\/sven-ove.nu\/wp-content\/uploads\/2012\/11\/Ny-moderat-300x200.jpg\" alt=\"\" width=\"300\" height=\"200\" srcset=\"https:\/\/sven-ove.nu\/wp-content\/uploads\/2012\/11\/Ny-moderat-300x200.jpg 300w, https:\/\/sven-ove.nu\/wp-content\/uploads\/2012\/11\/Ny-moderat.jpg 312w\" sizes=\"auto, (max-width: 300px) 100vw, 300px\" \/><\/a><\/p>\n<p>&nbsp;<\/p>\n<p>&nbsp;<\/p>\n<p>&nbsp;<\/p>\n<p>&nbsp;<\/p>\n<p>&nbsp;<\/p>\n","protected":false},"excerpt":{"rendered":"<p>Moderaterna i Karlstad l\u00e5ter \u00f6verste Klang h\u00e5lla regelr\u00e4tta f\u00f6rh\u00f6r med alla aktiva, skriver Nya Wermlands-Tidningen i en ledarkommentar. K\u00e4nns bra. En h\u00f6ger ska vara h\u00f6ger, blir det interna br\u00e5k ska den kalla in en \u00f6verste.\u00a0Jag har alltid tyckt att Sverige beh\u00f6ver lag och ordning och ett starkt f\u00f6rsvar. Nu blir det sp\u00e4nnande att se vilka &hellip; <a href=\"https:\/\/sven-ove.nu\/?p=3671\" class=\"more-link\">Forts\u00e4tt l\u00e4sa <span class=\"screen-reader-text\">\u00c5lning medels hasning f\u00f6r karlstadsmoderater<\/span><\/a><\/p>\n","protected":false},"author":1,"featured_media":0,"comment_status":"open","ping_status":"open","sticky":false,"template":"","format":"standard","meta":{"_crdt_document":"","_monsterinsights_skip_tracking":false,"_monsterinsights_sitenote_active":false,"_monsterinsights_sitenote_note":"","_monsterinsights_sitenote_category":0,"footnotes":""},"categories":[1],"tags":[],"class_list":["post-3671","post","type-post","status-publish","format-standard","hentry","category-uncategorized"],"_links":{"self":[{"href":"https:\/\/sven-ove.nu\/index.php?rest_route=\/wp\/v2\/posts\/3671","targetHints":{"allow":["GET"]}}],"collection":[{"href":"https:\/\/sven-ove.nu\/index.php?rest_route=\/wp\/v2\/posts"}],"about":[{"href":"https:\/\/sven-ove.nu\/index.php?rest_route=\/wp\/v2\/types\/post"}],"author":[{"embeddable":true,"href":"https:\/\/sven-ove.nu\/index.php?rest_route=\/wp\/v2\/users\/1"}],"replies":[{"embeddable":true,"href":"https:\/\/sven-ove.nu\/index.php?rest_route=%2Fwp%2Fv2%2Fcomments&post=3671"}],"version-history":[{"count":3,"href":"https:\/\/sven-ove.nu\/index.php?rest_route=\/wp\/v2\/posts\/3671\/revisions"}],"predecessor-version":[{"id":3675,"href":"https:\/\/sven-ove.nu\/index.php?rest_route=\/wp\/v2\/posts\/3671\/revisions\/3675"}],"wp:attachment":[{"href":"https:\/\/sven-ove.nu\/index.php?rest_route=%2Fwp%2Fv2%2Fmedia&parent=3671"}],"wp:term":[{"taxonomy":"category","embeddable":true,"href":"https:\/\/sven-ove.nu\/index.php?rest_route=%2Fwp%2Fv2%2Fcategories&post=3671"},{"taxonomy":"post_tag","embeddable":true,"href":"https:\/\/sven-ove.nu\/index.php?rest_route=%2Fwp%2Fv2%2Ftags&post=3671"}],"curies":[{"name":"wp","href":"https:\/\/api.w.org\/{rel}","templated":true}]}}