{"id":3733,"date":"2012-11-13T04:00:01","date_gmt":"2012-11-13T03:00:01","guid":{"rendered":"http:\/\/sven-ove.nu\/?p=3733"},"modified":"2014-10-08T06:43:51","modified_gmt":"2014-10-08T05:43:51","slug":"gjorde-oss-till-manniskor","status":"publish","type":"post","link":"https:\/\/sven-ove.nu\/?p=3733","title":{"rendered":"Gjorde oss till m\u00e4nniskor"},"content":{"rendered":"<p>L\u00e4ser Lasse Bergs bok <strong>Gryning \u00f6ver Kalahari<\/strong>. Nu \u00e4r han ute p\u00e5 vandring med en grupp j\u00e4gare och samlare mitt ute p\u00e5 den afrikanska busksavannen. S\u00e5ngh\u00f6ken ropar och det \u00e4r s\u00e5 varmt att skjortan blir torr, fast Lasse f\u00e5r g\u00e5 fort f\u00f6r att h\u00e4nga med samlarna. Svetten torkar bort innan den hunnit till tyget.<\/p>\n<p>N\u00e5gra av afrikanerna har ett pilkoger \u00f6ver axeln, andra en v\u00e4ska. Det \u00e4r d\u00e5 det sl\u00e5r honom, i det inre av Kalahari. Hans kamrater b\u00e4r p\u00e5 den kanske st\u00f6rsta teknologiska landvinningen n\u00e5gonsin i m\u00e4nniskans historia.<\/p>\n<p>V\u00e4skan.<\/p>\n<p style=\"padding-left: 30px;\"><em>\u201dDen \u00e4r grunden f\u00f6r samarbetet, och d\u00e4rmed f\u00f6r hela den sociala ordningen. Kunde man endast f\u00e5 med sig hem de r\u00f6tter, n\u00f6tter och frukter eller det vatten som man f\u00f6rm\u00e5dde b\u00e4ra med h\u00e4nderna s\u00e5 skulle det inte bli mycket till delande. V\u00e4skan skapar hemmabasen, arbetsdelningen, delandet av maten, s\u00e4krandet av livsmedelstillf\u00f6rseln. V\u00e4skan gjorde oss till m\u00e4nniskor.\u201d<\/em><\/p>\n<p>Det \u00e4r s\u00e5 vackert. Jag tycker s\u00e5 mycket om den tanke som Lasse Berg f\u00e5r, n\u00e4r han vandrar med sanfolket. Deras v\u00e4ska \u00e4r gjord av ett antilopskinn, berett likt ett stort s\u00e4mskskinn, och b\u00e4rs \u00f6ver axeln eller ibland med en l\u00e4derrem runt midjan. D\u00e4r kan man b\u00e4ra 7-15 kilo, upp\u00e5t tio g\u00e5nger mer \u00e4n en m\u00e4nniska kan stoppa i magen under en dag. F\u00f6r att inte tala om hur den f\u00f6renklar livet f\u00f6r den som dessutom ska b\u00e4ra omkring ett sp\u00e4dbarn.<\/p>\n<p><a href=\"https:\/\/sven-ove.nu\/wp-content\/uploads\/2012\/11\/Gryning1.jpg\"><img loading=\"lazy\" decoding=\"async\" class=\"alignleft size-thumbnail wp-image-3734\" title=\"Gryning\" alt=\"\" src=\"https:\/\/sven-ove.nu\/wp-content\/uploads\/2012\/11\/Gryning1-150x150.jpg\" width=\"150\" height=\"150\" \/><\/a><strong>V\u00e4skan.<\/strong><br \/>\n<strong> Viktigare \u00e4n cykeln, \u00e5ngloket och datamusen.<\/strong><br \/>\n<strong> Kr\u00e4vde att vi hade rest oss upp och b\u00f6rjat g\u00e5 p\u00e5 tv\u00e5 ben, men hj\u00e4lpte oss i geng\u00e4ld att bli som folk och samarbeta.<\/strong><\/p>\n<p><strong>V\u00e4skan. M\u00e4nniskog\u00f6raren.<\/strong><\/p>\n","protected":false},"excerpt":{"rendered":"<p>L\u00e4ser Lasse Bergs bok Gryning \u00f6ver Kalahari. Nu \u00e4r han ute p\u00e5 vandring med en grupp j\u00e4gare och samlare mitt ute p\u00e5 den afrikanska busksavannen. S\u00e5ngh\u00f6ken ropar och det \u00e4r s\u00e5 varmt att skjortan blir torr, fast Lasse f\u00e5r g\u00e5 fort f\u00f6r att h\u00e4nga med samlarna. Svetten torkar bort innan den hunnit till tyget. N\u00e5gra &hellip; <a href=\"https:\/\/sven-ove.nu\/?p=3733\" class=\"more-link\">Forts\u00e4tt l\u00e4sa <span class=\"screen-reader-text\">Gjorde oss till m\u00e4nniskor<\/span><\/a><\/p>\n","protected":false},"author":1,"featured_media":0,"comment_status":"open","ping_status":"open","sticky":false,"template":"","format":"standard","meta":{"_crdt_document":"","_monsterinsights_skip_tracking":false,"_monsterinsights_sitenote_active":false,"_monsterinsights_sitenote_note":"","_monsterinsights_sitenote_category":0,"footnotes":""},"categories":[6,4],"tags":[3,8,17,13],"class_list":["post-3733","post","type-post","status-publish","format-standard","hentry","category-natur","category-skrivande","tag-arbete","tag-historia","tag-solidaritet","tag-utrustning"],"_links":{"self":[{"href":"https:\/\/sven-ove.nu\/index.php?rest_route=\/wp\/v2\/posts\/3733","targetHints":{"allow":["GET"]}}],"collection":[{"href":"https:\/\/sven-ove.nu\/index.php?rest_route=\/wp\/v2\/posts"}],"about":[{"href":"https:\/\/sven-ove.nu\/index.php?rest_route=\/wp\/v2\/types\/post"}],"author":[{"embeddable":true,"href":"https:\/\/sven-ove.nu\/index.php?rest_route=\/wp\/v2\/users\/1"}],"replies":[{"embeddable":true,"href":"https:\/\/sven-ove.nu\/index.php?rest_route=%2Fwp%2Fv2%2Fcomments&post=3733"}],"version-history":[{"count":5,"href":"https:\/\/sven-ove.nu\/index.php?rest_route=\/wp\/v2\/posts\/3733\/revisions"}],"predecessor-version":[{"id":9717,"href":"https:\/\/sven-ove.nu\/index.php?rest_route=\/wp\/v2\/posts\/3733\/revisions\/9717"}],"wp:attachment":[{"href":"https:\/\/sven-ove.nu\/index.php?rest_route=%2Fwp%2Fv2%2Fmedia&parent=3733"}],"wp:term":[{"taxonomy":"category","embeddable":true,"href":"https:\/\/sven-ove.nu\/index.php?rest_route=%2Fwp%2Fv2%2Fcategories&post=3733"},{"taxonomy":"post_tag","embeddable":true,"href":"https:\/\/sven-ove.nu\/index.php?rest_route=%2Fwp%2Fv2%2Ftags&post=3733"}],"curies":[{"name":"wp","href":"https:\/\/api.w.org\/{rel}","templated":true}]}}