{"id":3738,"date":"2012-11-13T17:02:44","date_gmt":"2012-11-13T16:02:44","guid":{"rendered":"http:\/\/sven-ove.nu\/?p=3738"},"modified":"2012-11-13T17:02:44","modified_gmt":"2012-11-13T16:02:44","slug":"ratt-till-heltid-bra","status":"publish","type":"post","link":"https:\/\/sven-ove.nu\/?p=3738","title":{"rendered":"R\u00e4tt till heltid &#8211; bra"},"content":{"rendered":"<p><a href=\"https:\/\/sven-ove.nu\/wp-content\/uploads\/2012\/11\/Forshagas-vapen.jpg\"><img loading=\"lazy\" decoding=\"async\" class=\"alignright size-full wp-image-3739\" title=\"Forshagas vapen\" src=\"https:\/\/sven-ove.nu\/wp-content\/uploads\/2012\/11\/Forshagas-vapen.jpg\" alt=\"\" width=\"191\" height=\"227\" \/><\/a>Forshaga kommun ger <a href=\"http:\/\/www.nwt.se\/forshaga\/article1201155.ece\">alla tills vidare-anst\u00e4llda<\/a> deltidare inom v\u00e5rd- och omsorgsf\u00f6rvaltningen <a href=\"http:\/\/www.vf.se\/nyheter\/forshaga\/nu-far-personalen-valja-hur-mycket-de-vill-jobba\">r\u00e4tt att v\u00e4lja heltid<\/a> om de vill. Bra jobbat Kommunal \u2013 och kommunen.<\/p>\n<p>S\u00e5 ska fackligt arbete bedrivas.<br \/>\nOch j\u00e4mst\u00e4lldhetsarbete.<br \/>\nOch folkvett.<\/p>\n<p><strong> <\/strong><\/p>\n<p style=\"padding-left: 30px;\"><strong>Ta nu efter Forshaga, ni andra.<br \/>\n<\/strong><strong>Det \u00e4r kul att vara stolt \u00f6ver sin kommun.<\/strong><\/p>\n","protected":false},"excerpt":{"rendered":"<p>Forshaga kommun ger alla tills vidare-anst\u00e4llda deltidare inom v\u00e5rd- och omsorgsf\u00f6rvaltningen r\u00e4tt att v\u00e4lja heltid om de vill. Bra jobbat Kommunal \u2013 och kommunen. S\u00e5 ska fackligt arbete bedrivas. Och j\u00e4mst\u00e4lldhetsarbete. Och folkvett. Ta nu efter Forshaga, ni andra. Det \u00e4r kul att vara stolt \u00f6ver sin kommun.<\/p>\n","protected":false},"author":1,"featured_media":0,"comment_status":"open","ping_status":"open","sticky":false,"template":"","format":"standard","meta":{"_crdt_document":"","_monsterinsights_skip_tracking":false,"_monsterinsights_sitenote_active":false,"_monsterinsights_sitenote_note":"","_monsterinsights_sitenote_category":0,"footnotes":""},"categories":[9],"tags":[3,13],"class_list":["post-3738","post","type-post","status-publish","format-standard","hentry","category-politik","tag-arbete","tag-utrustning"],"_links":{"self":[{"href":"https:\/\/sven-ove.nu\/index.php?rest_route=\/wp\/v2\/posts\/3738","targetHints":{"allow":["GET"]}}],"collection":[{"href":"https:\/\/sven-ove.nu\/index.php?rest_route=\/wp\/v2\/posts"}],"about":[{"href":"https:\/\/sven-ove.nu\/index.php?rest_route=\/wp\/v2\/types\/post"}],"author":[{"embeddable":true,"href":"https:\/\/sven-ove.nu\/index.php?rest_route=\/wp\/v2\/users\/1"}],"replies":[{"embeddable":true,"href":"https:\/\/sven-ove.nu\/index.php?rest_route=%2Fwp%2Fv2%2Fcomments&post=3738"}],"version-history":[{"count":1,"href":"https:\/\/sven-ove.nu\/index.php?rest_route=\/wp\/v2\/posts\/3738\/revisions"}],"predecessor-version":[{"id":3740,"href":"https:\/\/sven-ove.nu\/index.php?rest_route=\/wp\/v2\/posts\/3738\/revisions\/3740"}],"wp:attachment":[{"href":"https:\/\/sven-ove.nu\/index.php?rest_route=%2Fwp%2Fv2%2Fmedia&parent=3738"}],"wp:term":[{"taxonomy":"category","embeddable":true,"href":"https:\/\/sven-ove.nu\/index.php?rest_route=%2Fwp%2Fv2%2Fcategories&post=3738"},{"taxonomy":"post_tag","embeddable":true,"href":"https:\/\/sven-ove.nu\/index.php?rest_route=%2Fwp%2Fv2%2Ftags&post=3738"}],"curies":[{"name":"wp","href":"https:\/\/api.w.org\/{rel}","templated":true}]}}