{"id":3749,"date":"2012-11-15T00:00:35","date_gmt":"2012-11-14T23:00:35","guid":{"rendered":"http:\/\/sven-ove.nu\/?p=3749"},"modified":"2012-11-15T00:27:55","modified_gmt":"2012-11-14T23:27:55","slug":"det-har-ar-vart-land","status":"publish","type":"post","link":"https:\/\/sven-ove.nu\/?p=3749","title":{"rendered":"Det h\u00e4r \u00e4r v\u00e5rt land"},"content":{"rendered":"<p>Onsdag i konungariket Sverige. Ledande sverigedemokrat tvingas avg\u00e5 f\u00f6r att han uttalat sig rasistiskt p\u00e5 film och ber\u00e4ttat f\u00f6r en svensk st\u00e5 upp-komiker med invandrarbakgrund att <em>\u201dDu har inget h\u00e4r att g\u00f6ra\u201d. \u00a0\u201dDet \u00e4r inte ditt land, det \u00e4r mitt land\u201d.<\/em><\/p>\n<p><a href=\"https:\/\/sven-ove.nu\/wp-content\/uploads\/2012\/11\/V\u00e5rt-land.jpg\"><img loading=\"lazy\" decoding=\"async\" class=\"alignright size-medium wp-image-3751\" title=\"V\u00e5rt land\" src=\"https:\/\/sven-ove.nu\/wp-content\/uploads\/2012\/11\/V\u00e5rt-land-300x233.jpg\" alt=\"\" width=\"300\" height=\"233\" srcset=\"https:\/\/sven-ove.nu\/wp-content\/uploads\/2012\/11\/V\u00e5rt-land-300x233.jpg 300w, https:\/\/sven-ove.nu\/wp-content\/uploads\/2012\/11\/V\u00e5rt-land-1024x795.jpg 1024w, https:\/\/sven-ove.nu\/wp-content\/uploads\/2012\/11\/V\u00e5rt-land.jpg 1537w\" sizes=\"auto, (max-width: 300px) 100vw, 300px\" \/><\/a>D\u00e5 svarar en svensk fotbollsmagiker med invandrarbakgrund p\u00e5 det s\u00e4tt han kan b\u00e4st. G\u00f6r fyra fantastiska m\u00e5l mot fotbollens hemland, varvid miljoner svenskar vr\u00e5lar av stolthet i sina tv-soffor.<\/p>\n<p><em>Invandrarna \u2013 Sverigedemokraterna 4-0.<\/em><\/p>\n<p>Svar p\u00e5 tal. Det h\u00e4r \u00e4r ditt land Soran, det h\u00e4r \u00e4r ditt land Zlatan.\u00a0Det h\u00e4r \u00e4r v\u00e5rt land.<\/p>\n<p>Nyss var det tre kilometer is h\u00e4r.<br \/>\nVi \u00e4r alla invandrare.<\/p>\n","protected":false},"excerpt":{"rendered":"<p>Onsdag i konungariket Sverige. Ledande sverigedemokrat tvingas avg\u00e5 f\u00f6r att han uttalat sig rasistiskt p\u00e5 film och ber\u00e4ttat f\u00f6r en svensk st\u00e5 upp-komiker med invandrarbakgrund att \u201dDu har inget h\u00e4r att g\u00f6ra\u201d. \u00a0\u201dDet \u00e4r inte ditt land, det \u00e4r mitt land\u201d. D\u00e5 svarar en svensk fotbollsmagiker med invandrarbakgrund p\u00e5 det s\u00e4tt han kan b\u00e4st. G\u00f6r &hellip; <a href=\"https:\/\/sven-ove.nu\/?p=3749\" class=\"more-link\">Forts\u00e4tt l\u00e4sa <span class=\"screen-reader-text\">Det h\u00e4r \u00e4r v\u00e5rt land<\/span><\/a><\/p>\n","protected":false},"author":1,"featured_media":0,"comment_status":"open","ping_status":"open","sticky":false,"template":"","format":"standard","meta":{"_crdt_document":"","_monsterinsights_skip_tracking":false,"_monsterinsights_sitenote_active":false,"_monsterinsights_sitenote_note":"","_monsterinsights_sitenote_category":0,"footnotes":""},"categories":[5,9],"tags":[16,8],"class_list":["post-3749","post","type-post","status-publish","format-standard","hentry","category-lopning","category-politik","tag-dumheter","tag-historia"],"_links":{"self":[{"href":"https:\/\/sven-ove.nu\/index.php?rest_route=\/wp\/v2\/posts\/3749","targetHints":{"allow":["GET"]}}],"collection":[{"href":"https:\/\/sven-ove.nu\/index.php?rest_route=\/wp\/v2\/posts"}],"about":[{"href":"https:\/\/sven-ove.nu\/index.php?rest_route=\/wp\/v2\/types\/post"}],"author":[{"embeddable":true,"href":"https:\/\/sven-ove.nu\/index.php?rest_route=\/wp\/v2\/users\/1"}],"replies":[{"embeddable":true,"href":"https:\/\/sven-ove.nu\/index.php?rest_route=%2Fwp%2Fv2%2Fcomments&post=3749"}],"version-history":[{"count":12,"href":"https:\/\/sven-ove.nu\/index.php?rest_route=\/wp\/v2\/posts\/3749\/revisions"}],"predecessor-version":[{"id":3762,"href":"https:\/\/sven-ove.nu\/index.php?rest_route=\/wp\/v2\/posts\/3749\/revisions\/3762"}],"wp:attachment":[{"href":"https:\/\/sven-ove.nu\/index.php?rest_route=%2Fwp%2Fv2%2Fmedia&parent=3749"}],"wp:term":[{"taxonomy":"category","embeddable":true,"href":"https:\/\/sven-ove.nu\/index.php?rest_route=%2Fwp%2Fv2%2Fcategories&post=3749"},{"taxonomy":"post_tag","embeddable":true,"href":"https:\/\/sven-ove.nu\/index.php?rest_route=%2Fwp%2Fv2%2Ftags&post=3749"}],"curies":[{"name":"wp","href":"https:\/\/api.w.org\/{rel}","templated":true}]}}