{"id":3763,"date":"2012-11-15T16:00:20","date_gmt":"2012-11-15T15:00:20","guid":{"rendered":"http:\/\/sven-ove.nu\/?p=3763"},"modified":"2017-04-18T06:36:50","modified_gmt":"2017-04-18T05:36:50","slug":"han-vill-inte-fortsatta-leva","status":"publish","type":"post","link":"https:\/\/sven-ove.nu\/?p=3763","title":{"rendered":"Han vill inte forts\u00e4tta leva"},"content":{"rendered":"<p>L\u00e4s den h\u00e4r<span style=\"color: #0000ff;\"> <a style=\"color: #0000ff;\" href=\"http:\/\/www.vf.se\/asikter\/insandare\/vi-ar-sa-fattiga-att-min-son-inte-vill-fortsatta-att-leva\" target=\"_blank\">ins\u00e4ndaren<\/a> <\/span>i dagens V\u00e4rmlands Folkblad.<\/p>\n<p>Kan det f\u00f6rklaras tydligare att vi har en fattigdom i Sverige \u00e5r 2012?<br \/>\nKan det f\u00f6rklaras tydligare att vi har en barnfattigdom i Sverige \u00e5r 2012?<br \/>\nKan det f\u00f6rklaras tydligare att vi har ett klassamh\u00e4lle i Sverige \u00e5r 2012?<br \/>\nKan det f\u00f6rklaras tydligare att det \u00e4r h\u00f6g tid f\u00f6r r\u00e4ttvisa kvinnol\u00f6ner i Sverige \u00e5r 2012?<br \/>\nKan det f\u00f6rklaras tydligare att det beh\u00f6vs en stark arbetarr\u00f6relse med visioner, framtidstro och r\u00e4ttvisepatos i Sverige \u00e5r 2012?<\/p>\n<p>Kan det f\u00f6rklaras tydligare?<\/p>\n<p><a href=\"https:\/\/sven-ove.nu\/wp-content\/uploads\/2012\/11\/Vill-inte-leva.jpg\"><img loading=\"lazy\" decoding=\"async\" class=\"alignleft size-full wp-image-3764\" title=\"Vill inte leva\" src=\"https:\/\/sven-ove.nu\/wp-content\/uploads\/2012\/11\/Vill-inte-leva.jpg\" alt=\"\" width=\"1702\" height=\"1447\" srcset=\"https:\/\/sven-ove.nu\/wp-content\/uploads\/2012\/11\/Vill-inte-leva.jpg 1702w, https:\/\/sven-ove.nu\/wp-content\/uploads\/2012\/11\/Vill-inte-leva-300x255.jpg 300w, https:\/\/sven-ove.nu\/wp-content\/uploads\/2012\/11\/Vill-inte-leva-1024x870.jpg 1024w\" sizes=\"auto, (max-width: 1702px) 100vw, 1702px\" \/><\/a><\/p>\n","protected":false},"excerpt":{"rendered":"<p>L\u00e4s den h\u00e4r ins\u00e4ndaren i dagens V\u00e4rmlands Folkblad. Kan det f\u00f6rklaras tydligare att vi har en fattigdom i Sverige \u00e5r 2012? Kan det f\u00f6rklaras tydligare att vi har en barnfattigdom i Sverige \u00e5r 2012? Kan det f\u00f6rklaras tydligare att vi har ett klassamh\u00e4lle i Sverige \u00e5r 2012? Kan det f\u00f6rklaras tydligare att det \u00e4r h\u00f6g &hellip; <a href=\"https:\/\/sven-ove.nu\/?p=3763\" class=\"more-link\">Forts\u00e4tt l\u00e4sa <span class=\"screen-reader-text\">Han vill inte forts\u00e4tta leva<\/span><\/a><\/p>\n","protected":false},"author":1,"featured_media":0,"comment_status":"open","ping_status":"open","sticky":false,"template":"","format":"standard","meta":{"_crdt_document":"","_monsterinsights_skip_tracking":false,"_monsterinsights_sitenote_active":false,"_monsterinsights_sitenote_note":"","_monsterinsights_sitenote_category":0,"footnotes":""},"categories":[9],"tags":[17],"class_list":["post-3763","post","type-post","status-publish","format-standard","hentry","category-politik","tag-solidaritet"],"_links":{"self":[{"href":"https:\/\/sven-ove.nu\/index.php?rest_route=\/wp\/v2\/posts\/3763","targetHints":{"allow":["GET"]}}],"collection":[{"href":"https:\/\/sven-ove.nu\/index.php?rest_route=\/wp\/v2\/posts"}],"about":[{"href":"https:\/\/sven-ove.nu\/index.php?rest_route=\/wp\/v2\/types\/post"}],"author":[{"embeddable":true,"href":"https:\/\/sven-ove.nu\/index.php?rest_route=\/wp\/v2\/users\/1"}],"replies":[{"embeddable":true,"href":"https:\/\/sven-ove.nu\/index.php?rest_route=%2Fwp%2Fv2%2Fcomments&post=3763"}],"version-history":[{"count":6,"href":"https:\/\/sven-ove.nu\/index.php?rest_route=\/wp\/v2\/posts\/3763\/revisions"}],"predecessor-version":[{"id":17640,"href":"https:\/\/sven-ove.nu\/index.php?rest_route=\/wp\/v2\/posts\/3763\/revisions\/17640"}],"wp:attachment":[{"href":"https:\/\/sven-ove.nu\/index.php?rest_route=%2Fwp%2Fv2%2Fmedia&parent=3763"}],"wp:term":[{"taxonomy":"category","embeddable":true,"href":"https:\/\/sven-ove.nu\/index.php?rest_route=%2Fwp%2Fv2%2Fcategories&post=3763"},{"taxonomy":"post_tag","embeddable":true,"href":"https:\/\/sven-ove.nu\/index.php?rest_route=%2Fwp%2Fv2%2Ftags&post=3763"}],"curies":[{"name":"wp","href":"https:\/\/api.w.org\/{rel}","templated":true}]}}