{"id":3769,"date":"2012-11-18T04:00:40","date_gmt":"2012-11-18T03:00:40","guid":{"rendered":"http:\/\/sven-ove.nu\/?p=3769"},"modified":"2012-11-18T14:49:17","modified_gmt":"2012-11-18T13:49:17","slug":"vande-strax-innan-toppen","status":"publish","type":"post","link":"https:\/\/sven-ove.nu\/?p=3769","title":{"rendered":"V\u00e4nde strax innan toppen"},"content":{"rendered":"<p>En g\u00e5ng skulle jag kliva upp p\u00e5 V\u00e4rmlands h\u00f6gsta topp, Granberget. N\u00e4r det var 500 meter kvar m\u00f6tte jag en s\u00e4des\u00e4rla som var gul. Gul? D\u00e5 v\u00e4nde jag.<\/p>\n<p>Att skogen \u201dbl\u00e5ner\u201d, det g\u00e5r an. Men blir luften s\u00e5 tunn att \u00e4rlorna gulnar b\u00f6r du genast v\u00e4nda om. Sj\u00e4lv gick hon \u00f6sterut mot \u00d6rsj\u00f6berget.<\/p>\n<p style=\"padding-left: 60px;\">*<\/p>\n<p style=\"padding-left: 30px;\"><em>F\u00f6rresten s\u00e5 var det f\u00f6r att det blev m\u00f6rkt och detta var ett spontanbes\u00f6k f\u00f6re mobiltelefonernas tid n\u00e4r vi \u00e4nd\u00e5 for f\u00f6rbi och de i bilen b\u00f6rjade bli oroliga tror jag och jag visste inte hur kort bit det var kvar f\u00f6rr\u00e4n vi tittade p\u00e5 kartan hemma, efter\u00e5t, och det st\u00f6r mig att jag inte varit dit upp, det vet jag v\u00e4l att det finns gul\u00e4rlor.<\/em><\/p>\n<p style=\"padding-left: 30px;\"><em>Inte ett klassiskt blogginl\u00e4gg.<\/em><\/p>\n<p style=\"padding-left: 30px;\"><em><a href=\"https:\/\/sven-ove.nu\/wp-content\/uploads\/2012\/11\/Granberget1.png\"><img loading=\"lazy\" decoding=\"async\" class=\"alignleft size-medium wp-image-3806\" title=\"Granberget\" src=\"https:\/\/sven-ove.nu\/wp-content\/uploads\/2012\/11\/Granberget1-300x99.png\" alt=\"\" width=\"300\" height=\"99\" srcset=\"https:\/\/sven-ove.nu\/wp-content\/uploads\/2012\/11\/Granberget1-300x99.png 300w, https:\/\/sven-ove.nu\/wp-content\/uploads\/2012\/11\/Granberget1.png 411w\" sizes=\"auto, (max-width: 300px) 100vw, 300px\" \/><\/a><\/p>\n<p><\/em><\/p>\n<p>&nbsp;<\/p>\n<p>&nbsp;<\/p>\n<p>&nbsp;<\/p>\n","protected":false},"excerpt":{"rendered":"<p>En g\u00e5ng skulle jag kliva upp p\u00e5 V\u00e4rmlands h\u00f6gsta topp, Granberget. N\u00e4r det var 500 meter kvar m\u00f6tte jag en s\u00e4des\u00e4rla som var gul. Gul? D\u00e5 v\u00e4nde jag. Att skogen \u201dbl\u00e5ner\u201d, det g\u00e5r an. Men blir luften s\u00e5 tunn att \u00e4rlorna gulnar b\u00f6r du genast v\u00e4nda om. Sj\u00e4lv gick hon \u00f6sterut mot \u00d6rsj\u00f6berget. * F\u00f6rresten &hellip; <a href=\"https:\/\/sven-ove.nu\/?p=3769\" class=\"more-link\">Forts\u00e4tt l\u00e4sa <span class=\"screen-reader-text\">V\u00e4nde strax innan toppen<\/span><\/a><\/p>\n","protected":false},"author":1,"featured_media":0,"comment_status":"open","ping_status":"open","sticky":false,"template":"","format":"standard","meta":{"_crdt_document":"","_monsterinsights_skip_tracking":false,"_monsterinsights_sitenote_active":false,"_monsterinsights_sitenote_note":"","_monsterinsights_sitenote_category":0,"footnotes":""},"categories":[6],"tags":[25],"class_list":["post-3769","post","type-post","status-publish","format-standard","hentry","category-natur","tag-kartan"],"_links":{"self":[{"href":"https:\/\/sven-ove.nu\/index.php?rest_route=\/wp\/v2\/posts\/3769","targetHints":{"allow":["GET"]}}],"collection":[{"href":"https:\/\/sven-ove.nu\/index.php?rest_route=\/wp\/v2\/posts"}],"about":[{"href":"https:\/\/sven-ove.nu\/index.php?rest_route=\/wp\/v2\/types\/post"}],"author":[{"embeddable":true,"href":"https:\/\/sven-ove.nu\/index.php?rest_route=\/wp\/v2\/users\/1"}],"replies":[{"embeddable":true,"href":"https:\/\/sven-ove.nu\/index.php?rest_route=%2Fwp%2Fv2%2Fcomments&post=3769"}],"version-history":[{"count":7,"href":"https:\/\/sven-ove.nu\/index.php?rest_route=\/wp\/v2\/posts\/3769\/revisions"}],"predecessor-version":[{"id":3807,"href":"https:\/\/sven-ove.nu\/index.php?rest_route=\/wp\/v2\/posts\/3769\/revisions\/3807"}],"wp:attachment":[{"href":"https:\/\/sven-ove.nu\/index.php?rest_route=%2Fwp%2Fv2%2Fmedia&parent=3769"}],"wp:term":[{"taxonomy":"category","embeddable":true,"href":"https:\/\/sven-ove.nu\/index.php?rest_route=%2Fwp%2Fv2%2Fcategories&post=3769"},{"taxonomy":"post_tag","embeddable":true,"href":"https:\/\/sven-ove.nu\/index.php?rest_route=%2Fwp%2Fv2%2Ftags&post=3769"}],"curies":[{"name":"wp","href":"https:\/\/api.w.org\/{rel}","templated":true}]}}