{"id":379,"date":"2011-12-08T08:04:41","date_gmt":"2011-12-08T07:04:41","guid":{"rendered":"http:\/\/sven-ove.nu\/?p=379"},"modified":"2011-12-08T10:18:43","modified_gmt":"2011-12-08T09:18:43","slug":"arg-varenda-gang","status":"publish","type":"post","link":"https:\/\/sven-ove.nu\/?p=379","title":{"rendered":"Arg varenda g\u00e5ng"},"content":{"rendered":"<p>Hamnar p\u00e5 Spa och kurs i storytelling. Jag s\u00e4ger till fryksdalingarna som jag ofta g\u00f6r n\u00e4r jag \u00e5terv\u00e4nder till Sunne:<\/p>\n<p>&#8211; Jag blir arg varenda g\u00e5ng jag kommer hit.<\/p>\n<p>Kommunalr\u00e5det ser beh\u00e4rskat konfunderad ut. Som funderade han p\u00e5 att g\u00e5 i f\u00f6rsvarsst\u00e4llning eller \u00e5tminstone s\u00e4ga n\u00e5got sn\u00e4llt om orten vi sitter i.<\/p>\n<p>&#8211; Ja, forts\u00e4tter jag, det \u00e4r s\u00e5 vackert h\u00e4r. Varf\u00f6r flyttade jag n\u00e5nsin h\u00e4rifr\u00e5n?<\/p>\n<p>Sn\u00f6n faller. P\u00e5 h\u00f6jderna mellan Klar\u00e4lvens och Frykens dalg\u00e5ngar l\u00e5g den vykortsvit. Blank v\u00e4g, l\u00e5ngsamma bilister i f\u00f6rstag\u00e5ngshalkans tveksamma f\u00f6rsiktighet. Vid \u00c5s s\u00e5g jag en \u00e4lg som \u00e5t \u00e4pplen, vid \u00d6stan\u00e5s tv\u00e5 betande r\u00e5djur.<\/p>\n<p>Kursen forts\u00e4tter. Ola Persson och hans medarbetare tycks fundera \u00f6ver om den utflyttades ilska \u00e4r n\u00e5got att haka upp en story p\u00e5. Nja, innan kv\u00e4llen \u00e4r \u00f6ver har vi hittat b\u00e4ttre historier att ge liv \u00e5t v\u00e5ra verksamheter med. Stoltheten, gl\u00f6m inte stoltheten, det \u00e4r den som bygger ber\u00e4ttelserna.<\/p>\n<p>F\u00f6rresten \u00e4r det inget fel p\u00e5 Forshaga. Vi har v\u00e5ra historier.<\/p>\n<p><a href=\"https:\/\/sven-ove.nu\/wp-content\/uploads\/2011\/12\/IMAG03922.jpg\"><img loading=\"lazy\" decoding=\"async\" class=\"alignleft size-medium wp-image-386\" title=\"Sn\u00f6 p\u00e5 \u00e5sarna.\" src=\"https:\/\/sven-ove.nu\/wp-content\/uploads\/2011\/12\/IMAG03922-300x200.jpg\" alt=\"\" width=\"300\" height=\"200\" srcset=\"https:\/\/sven-ove.nu\/wp-content\/uploads\/2011\/12\/IMAG03922-300x200.jpg 300w, https:\/\/sven-ove.nu\/wp-content\/uploads\/2011\/12\/IMAG03922-1024x682.jpg 1024w\" sizes=\"auto, (max-width: 300px) 100vw, 300px\" \/><\/a><\/p>\n","protected":false},"excerpt":{"rendered":"<p>Hamnar p\u00e5 Spa och kurs i storytelling. Jag s\u00e4ger till fryksdalingarna som jag ofta g\u00f6r n\u00e4r jag \u00e5terv\u00e4nder till Sunne: &#8211; Jag blir arg varenda g\u00e5ng jag kommer hit. Kommunalr\u00e5det ser beh\u00e4rskat konfunderad ut. Som funderade han p\u00e5 att g\u00e5 i f\u00f6rsvarsst\u00e4llning eller \u00e5tminstone s\u00e4ga n\u00e5got sn\u00e4llt om orten vi sitter i. &#8211; Ja, forts\u00e4tter &hellip; <a href=\"https:\/\/sven-ove.nu\/?p=379\" class=\"more-link\">Forts\u00e4tt l\u00e4sa <span class=\"screen-reader-text\">Arg varenda g\u00e5ng<\/span><\/a><\/p>\n","protected":false},"author":1,"featured_media":0,"comment_status":"open","ping_status":"open","sticky":false,"template":"","format":"standard","meta":{"_crdt_document":"","_monsterinsights_skip_tracking":false,"_monsterinsights_sitenote_active":false,"_monsterinsights_sitenote_note":"","_monsterinsights_sitenote_category":0,"footnotes":""},"categories":[6,4],"tags":[],"class_list":["post-379","post","type-post","status-publish","format-standard","hentry","category-natur","category-skrivande"],"_links":{"self":[{"href":"https:\/\/sven-ove.nu\/index.php?rest_route=\/wp\/v2\/posts\/379","targetHints":{"allow":["GET"]}}],"collection":[{"href":"https:\/\/sven-ove.nu\/index.php?rest_route=\/wp\/v2\/posts"}],"about":[{"href":"https:\/\/sven-ove.nu\/index.php?rest_route=\/wp\/v2\/types\/post"}],"author":[{"embeddable":true,"href":"https:\/\/sven-ove.nu\/index.php?rest_route=\/wp\/v2\/users\/1"}],"replies":[{"embeddable":true,"href":"https:\/\/sven-ove.nu\/index.php?rest_route=%2Fwp%2Fv2%2Fcomments&post=379"}],"version-history":[{"count":5,"href":"https:\/\/sven-ove.nu\/index.php?rest_route=\/wp\/v2\/posts\/379\/revisions"}],"predecessor-version":[{"id":388,"href":"https:\/\/sven-ove.nu\/index.php?rest_route=\/wp\/v2\/posts\/379\/revisions\/388"}],"wp:attachment":[{"href":"https:\/\/sven-ove.nu\/index.php?rest_route=%2Fwp%2Fv2%2Fmedia&parent=379"}],"wp:term":[{"taxonomy":"category","embeddable":true,"href":"https:\/\/sven-ove.nu\/index.php?rest_route=%2Fwp%2Fv2%2Fcategories&post=379"},{"taxonomy":"post_tag","embeddable":true,"href":"https:\/\/sven-ove.nu\/index.php?rest_route=%2Fwp%2Fv2%2Ftags&post=379"}],"curies":[{"name":"wp","href":"https:\/\/api.w.org\/{rel}","templated":true}]}}