{"id":3795,"date":"2012-11-20T04:00:43","date_gmt":"2012-11-20T03:00:43","guid":{"rendered":"http:\/\/sven-ove.nu\/?p=3795"},"modified":"2012-11-20T06:14:44","modified_gmt":"2012-11-20T05:14:44","slug":"mannen-fran-molkom","status":"publish","type":"post","link":"https:\/\/sven-ove.nu\/?p=3795","title":{"rendered":"Mannen fr\u00e5n Molkom"},"content":{"rendered":"<p>Facebook \u00e4r en praktisk uppfinning.<\/p>\n<p><a href=\"https:\/\/sven-ove.nu\/wp-content\/uploads\/2012\/11\/Maskerna.jpg\"><img loading=\"lazy\" decoding=\"async\" class=\"alignright size-thumbnail wp-image-3798\" title=\"Maskerna\" src=\"https:\/\/sven-ove.nu\/wp-content\/uploads\/2012\/11\/Maskerna-150x150.jpg\" alt=\"\" width=\"150\" height=\"150\" \/><\/a>Jag r\u00e5kar gilla folk med torrhumor. P\u00e5 h\u00f6gstadiet i Molkom h\u00e4nde det stundom att jag sl\u00e4ngde k\u00e4ft med en kille i backen upp till Graningeskolan. Vi gillade att skratta \u00e5t samma saker.<\/p>\n<p>M\u00e5nga \u00e5r senare tr\u00e4ffar jag honom igen. D\u00e5 h\u00f6r det till saken att jag minns ansikten v\u00e4l men gl\u00f6mmer vad m\u00e4nniskorna heter, som ansiktena sitter p\u00e5. Samma torra humor, samma spjuverleende.<\/p>\n<p>&#8211; Du \u00e4r fr\u00e5n Molkom, s\u00e4ger jag alltid till honom n\u00e4r vi m\u00f6ts. Minns du n\u00e4r vi\u2026<br \/>\n&#8211; Jag \u00e4r fr\u00e5n S\u00e4ffle, svarar han outtr\u00f6ttligt, varje g\u00e5ng. Som om det var sant. Varenda g\u00e5ng s\u00e4ger han det. S\u00e4ffle.<\/p>\n<p>Nu ser jag p\u00e5 en profilbild p\u00e5 Facebook att mannen fr\u00e5n Molkom faktiskt inte ljuger. Han \u00e4r fr\u00e5n S\u00e4ffle. Det finns tv\u00e5 av dem.<\/p>\n<p>Det \u00e4r den andres bild jag ser.<\/p>\n<p>&nbsp;<\/p>\n","protected":false},"excerpt":{"rendered":"<p>Facebook \u00e4r en praktisk uppfinning. Jag r\u00e5kar gilla folk med torrhumor. P\u00e5 h\u00f6gstadiet i Molkom h\u00e4nde det stundom att jag sl\u00e4ngde k\u00e4ft med en kille i backen upp till Graningeskolan. Vi gillade att skratta \u00e5t samma saker. M\u00e5nga \u00e5r senare tr\u00e4ffar jag honom igen. D\u00e5 h\u00f6r det till saken att jag minns ansikten v\u00e4l men &hellip; <a href=\"https:\/\/sven-ove.nu\/?p=3795\" class=\"more-link\">Forts\u00e4tt l\u00e4sa <span class=\"screen-reader-text\">Mannen fr\u00e5n Molkom<\/span><\/a><\/p>\n","protected":false},"author":1,"featured_media":0,"comment_status":"open","ping_status":"open","sticky":false,"template":"","format":"standard","meta":{"_crdt_document":"","_monsterinsights_skip_tracking":false,"_monsterinsights_sitenote_active":false,"_monsterinsights_sitenote_note":"","_monsterinsights_sitenote_category":0,"footnotes":""},"categories":[1],"tags":[8,13],"class_list":["post-3795","post","type-post","status-publish","format-standard","hentry","category-uncategorized","tag-historia","tag-utrustning"],"_links":{"self":[{"href":"https:\/\/sven-ove.nu\/index.php?rest_route=\/wp\/v2\/posts\/3795","targetHints":{"allow":["GET"]}}],"collection":[{"href":"https:\/\/sven-ove.nu\/index.php?rest_route=\/wp\/v2\/posts"}],"about":[{"href":"https:\/\/sven-ove.nu\/index.php?rest_route=\/wp\/v2\/types\/post"}],"author":[{"embeddable":true,"href":"https:\/\/sven-ove.nu\/index.php?rest_route=\/wp\/v2\/users\/1"}],"replies":[{"embeddable":true,"href":"https:\/\/sven-ove.nu\/index.php?rest_route=%2Fwp%2Fv2%2Fcomments&post=3795"}],"version-history":[{"count":5,"href":"https:\/\/sven-ove.nu\/index.php?rest_route=\/wp\/v2\/posts\/3795\/revisions"}],"predecessor-version":[{"id":3810,"href":"https:\/\/sven-ove.nu\/index.php?rest_route=\/wp\/v2\/posts\/3795\/revisions\/3810"}],"wp:attachment":[{"href":"https:\/\/sven-ove.nu\/index.php?rest_route=%2Fwp%2Fv2%2Fmedia&parent=3795"}],"wp:term":[{"taxonomy":"category","embeddable":true,"href":"https:\/\/sven-ove.nu\/index.php?rest_route=%2Fwp%2Fv2%2Fcategories&post=3795"},{"taxonomy":"post_tag","embeddable":true,"href":"https:\/\/sven-ove.nu\/index.php?rest_route=%2Fwp%2Fv2%2Ftags&post=3795"}],"curies":[{"name":"wp","href":"https:\/\/api.w.org\/{rel}","templated":true}]}}