{"id":3827,"date":"2012-11-25T04:00:16","date_gmt":"2012-11-25T03:00:16","guid":{"rendered":"http:\/\/sven-ove.nu\/?p=3827"},"modified":"2012-11-23T18:10:54","modified_gmt":"2012-11-23T17:10:54","slug":"trost-i-dagar-av-tvivel","status":"publish","type":"post","link":"https:\/\/sven-ove.nu\/?p=3827","title":{"rendered":"Tr\u00f6st i dagar av tvivel"},"content":{"rendered":"<p>Det finns dagar d\u00e5 jag tvivlar, d\u00e5 horisonten k\u00e4nns tr\u00e5ng och skrivandet mer \u00e4n vanligt obeg\u00e5vat och meningsl\u00f6st. D\u00e5 \u00e4r det bra om man blir bekr\u00e4ftad och orkar forts\u00e4tta sin tr\u00e4ning ett tag till.<\/p>\n<p>H\u00e4rom dagen kom den h\u00e4r bekr\u00e4ftelsen. F\u00f6r skojs skull kollade jag n\u00e5gra av de s\u00f6kord som folk anv\u00e4nt f\u00f6r att hamna p\u00e5 bloggen den dagen. K\u00e4re n\u00e5n, \u00e4r denna webbplats s\u00e5 allsidig? D\u00e5 \u00e4r det nog b\u00e4st att forts\u00e4tta, jag kan ju inte st\u00e4lla folk helt bet.<\/p>\n<p>Reflexbyxor, n\u00e4r fanken skrev jag om reflexbyxor?<br \/>\nJa visst ja.<\/p>\n<p><a href=\"https:\/\/sven-ove.nu\/wp-content\/uploads\/2012\/11\/S\u00f6kord.jpg\"><img loading=\"lazy\" decoding=\"async\" class=\"alignleft size-full wp-image-3841\" title=\"S\u00f6kord\" src=\"https:\/\/sven-ove.nu\/wp-content\/uploads\/2012\/11\/S\u00f6kord.jpg\" alt=\"\" width=\"291\" height=\"184\" \/><\/a><\/p>\n<p>&nbsp;<\/p>\n<p>&nbsp;<\/p>\n<p>&nbsp;<\/p>\n<p>&nbsp;<\/p>\n<p>&nbsp;<\/p>\n","protected":false},"excerpt":{"rendered":"<p>Det finns dagar d\u00e5 jag tvivlar, d\u00e5 horisonten k\u00e4nns tr\u00e5ng och skrivandet mer \u00e4n vanligt obeg\u00e5vat och meningsl\u00f6st. D\u00e5 \u00e4r det bra om man blir bekr\u00e4ftad och orkar forts\u00e4tta sin tr\u00e4ning ett tag till. H\u00e4rom dagen kom den h\u00e4r bekr\u00e4ftelsen. F\u00f6r skojs skull kollade jag n\u00e5gra av de s\u00f6kord som folk anv\u00e4nt f\u00f6r att hamna &hellip; <a href=\"https:\/\/sven-ove.nu\/?p=3827\" class=\"more-link\">Forts\u00e4tt l\u00e4sa <span class=\"screen-reader-text\">Tr\u00f6st i dagar av tvivel<\/span><\/a><\/p>\n","protected":false},"author":1,"featured_media":0,"comment_status":"open","ping_status":"open","sticky":false,"template":"","format":"standard","meta":{"_crdt_document":"","_monsterinsights_skip_tracking":false,"_monsterinsights_sitenote_active":false,"_monsterinsights_sitenote_note":"","_monsterinsights_sitenote_category":0,"footnotes":""},"categories":[4],"tags":[3],"class_list":["post-3827","post","type-post","status-publish","format-standard","hentry","category-skrivande","tag-arbete"],"_links":{"self":[{"href":"https:\/\/sven-ove.nu\/index.php?rest_route=\/wp\/v2\/posts\/3827","targetHints":{"allow":["GET"]}}],"collection":[{"href":"https:\/\/sven-ove.nu\/index.php?rest_route=\/wp\/v2\/posts"}],"about":[{"href":"https:\/\/sven-ove.nu\/index.php?rest_route=\/wp\/v2\/types\/post"}],"author":[{"embeddable":true,"href":"https:\/\/sven-ove.nu\/index.php?rest_route=\/wp\/v2\/users\/1"}],"replies":[{"embeddable":true,"href":"https:\/\/sven-ove.nu\/index.php?rest_route=%2Fwp%2Fv2%2Fcomments&post=3827"}],"version-history":[{"count":6,"href":"https:\/\/sven-ove.nu\/index.php?rest_route=\/wp\/v2\/posts\/3827\/revisions"}],"predecessor-version":[{"id":3830,"href":"https:\/\/sven-ove.nu\/index.php?rest_route=\/wp\/v2\/posts\/3827\/revisions\/3830"}],"wp:attachment":[{"href":"https:\/\/sven-ove.nu\/index.php?rest_route=%2Fwp%2Fv2%2Fmedia&parent=3827"}],"wp:term":[{"taxonomy":"category","embeddable":true,"href":"https:\/\/sven-ove.nu\/index.php?rest_route=%2Fwp%2Fv2%2Fcategories&post=3827"},{"taxonomy":"post_tag","embeddable":true,"href":"https:\/\/sven-ove.nu\/index.php?rest_route=%2Fwp%2Fv2%2Ftags&post=3827"}],"curies":[{"name":"wp","href":"https:\/\/api.w.org\/{rel}","templated":true}]}}