{"id":3873,"date":"2012-11-28T04:00:32","date_gmt":"2012-11-28T03:00:32","guid":{"rendered":"http:\/\/sven-ove.nu\/?p=3873"},"modified":"2012-11-27T08:19:52","modified_gmt":"2012-11-27T07:19:52","slug":"tittar-pa-sadana-som-ater","status":"publish","type":"post","link":"https:\/\/sven-ove.nu\/?p=3873","title":{"rendered":"Tittar p\u00e5 s\u00e5dana som \u00e4ter"},"content":{"rendered":"<p>Sitter vid k\u00f6ksbordet med kikare i n\u00e4ven och sk\u00e5dar bl\u00e5mesarna vid f\u00e5gelbordet och gr\u00f6nsiskorna p\u00e5 marken. D\u00e5 sl\u00e5r det mig hur synd det \u00e4r att f\u00e5glar inte sk\u00e5dar <em>m\u00e4nska vid matl\u00e5da<\/em>. Det kunde ha blivit en rolig syn med fjorton f\u00e5glar som glor in n\u00e4r vi st\u00e4ller v\u00e5ra l\u00e5dor i micron.<\/p>\n<p style=\"padding-left: 60px;\"><em><br \/>\n<a href=\"https:\/\/sven-ove.nu\/wp-content\/uploads\/2012\/11\/F\u00e5glar1.jpg\"><img loading=\"lazy\" decoding=\"async\" class=\"alignright size-medium wp-image-3876\" title=\"F\u00e5glar\" src=\"https:\/\/sven-ove.nu\/wp-content\/uploads\/2012\/11\/F\u00e5glar1-300x115.jpg\" alt=\"\" width=\"300\" height=\"115\" srcset=\"https:\/\/sven-ove.nu\/wp-content\/uploads\/2012\/11\/F\u00e5glar1-300x115.jpg 300w, https:\/\/sven-ove.nu\/wp-content\/uploads\/2012\/11\/F\u00e5glar1.jpg 472w\" sizes=\"auto, (max-width: 300px) 100vw, 300px\" \/><\/a>Samling s\u00f6dra f\u00f6nsterblecket utanf\u00f6r alla svenska lunchrum varje dag klockan 12.00. Gl\u00f6m\u00a0inte rapportera dina obsar till folkkryss.se<\/em><\/p>\n<p>&nbsp;<\/p>\n","protected":false},"excerpt":{"rendered":"<p>Sitter vid k\u00f6ksbordet med kikare i n\u00e4ven och sk\u00e5dar bl\u00e5mesarna vid f\u00e5gelbordet och gr\u00f6nsiskorna p\u00e5 marken. D\u00e5 sl\u00e5r det mig hur synd det \u00e4r att f\u00e5glar inte sk\u00e5dar m\u00e4nska vid matl\u00e5da. Det kunde ha blivit en rolig syn med fjorton f\u00e5glar som glor in n\u00e4r vi st\u00e4ller v\u00e5ra l\u00e5dor i micron. Samling s\u00f6dra f\u00f6nsterblecket utanf\u00f6r &hellip; <a href=\"https:\/\/sven-ove.nu\/?p=3873\" class=\"more-link\">Forts\u00e4tt l\u00e4sa <span class=\"screen-reader-text\">Tittar p\u00e5 s\u00e5dana som \u00e4ter<\/span><\/a><\/p>\n","protected":false},"author":1,"featured_media":0,"comment_status":"open","ping_status":"open","sticky":false,"template":"","format":"standard","meta":{"_crdt_document":"","_monsterinsights_skip_tracking":false,"_monsterinsights_sitenote_active":false,"_monsterinsights_sitenote_note":"","_monsterinsights_sitenote_category":0,"footnotes":""},"categories":[6],"tags":[24],"class_list":["post-3873","post","type-post","status-publish","format-standard","hentry","category-natur","tag-karlek"],"_links":{"self":[{"href":"https:\/\/sven-ove.nu\/index.php?rest_route=\/wp\/v2\/posts\/3873","targetHints":{"allow":["GET"]}}],"collection":[{"href":"https:\/\/sven-ove.nu\/index.php?rest_route=\/wp\/v2\/posts"}],"about":[{"href":"https:\/\/sven-ove.nu\/index.php?rest_route=\/wp\/v2\/types\/post"}],"author":[{"embeddable":true,"href":"https:\/\/sven-ove.nu\/index.php?rest_route=\/wp\/v2\/users\/1"}],"replies":[{"embeddable":true,"href":"https:\/\/sven-ove.nu\/index.php?rest_route=%2Fwp%2Fv2%2Fcomments&post=3873"}],"version-history":[{"count":5,"href":"https:\/\/sven-ove.nu\/index.php?rest_route=\/wp\/v2\/posts\/3873\/revisions"}],"predecessor-version":[{"id":3890,"href":"https:\/\/sven-ove.nu\/index.php?rest_route=\/wp\/v2\/posts\/3873\/revisions\/3890"}],"wp:attachment":[{"href":"https:\/\/sven-ove.nu\/index.php?rest_route=%2Fwp%2Fv2%2Fmedia&parent=3873"}],"wp:term":[{"taxonomy":"category","embeddable":true,"href":"https:\/\/sven-ove.nu\/index.php?rest_route=%2Fwp%2Fv2%2Fcategories&post=3873"},{"taxonomy":"post_tag","embeddable":true,"href":"https:\/\/sven-ove.nu\/index.php?rest_route=%2Fwp%2Fv2%2Ftags&post=3873"}],"curies":[{"name":"wp","href":"https:\/\/api.w.org\/{rel}","templated":true}]}}