{"id":3891,"date":"2012-11-29T07:32:58","date_gmt":"2012-11-29T06:32:58","guid":{"rendered":"http:\/\/sven-ove.nu\/?p=3891"},"modified":"2012-11-29T07:51:17","modified_gmt":"2012-11-29T06:51:17","slug":"javisst-gor-det-ont-nar-vaskor-fattas","status":"publish","type":"post","link":"https:\/\/sven-ove.nu\/?p=3891","title":{"rendered":"Javisst g\u00f6r det ont n\u00e4r v\u00e4skor fattas"},"content":{"rendered":"<p>Vissa sverigedemokratiska riksdagsm\u00e4ns formkurva:<br \/>\nFattig<br \/>\nFr\u00e4lse<br \/>\nR\u00f6r-else<\/p>\n<p>Den som inte har en aning om hur kloka, sociala och renliga djur grisar \u00e4r grymte f\u00f6rsta grymtet. #r\u00f6rinteminv\u00e4ska<\/p>\n<p>SD-ledaren Jimmie \u00c5kesson v\u00e4ntas nu lansera partiets nya kampanj f\u00f6r nolltolerans mot v\u00e4ltande rullstolar. #r\u00f6rinteminv\u00e4ska<\/p>\n<p style=\"padding-left: 30px;\"><em>Riksdagsmannen <a href=\"http:\/\/www.aftonbladet.se\/nyheter\/article15851359.ab\">Lars Isovaara<\/a> (SD) har polisanm\u00e4lts f\u00f6r att han uttalat sig kr\u00e4nkande mot en riksdagsvakt av utl\u00e4ndsk bakgrund. Bland annat ska han ha grymtat som en gris mot vakten. Strax innan trodde Isovaara att han blivit r\u00e5nad p\u00e5 sin ryggs\u00e4ck, n\u00e4r han v\u00e4lte med rullstolen p\u00e5 v\u00e4g till riksdagshuset. Ryggs\u00e4cken hittades senare kvargl\u00f6md p\u00e5 den restaurang som Isovaara bes\u00f6kt. P\u00e5 twitter uppstod hashtaggen #r\u00f6rinteminv\u00e4ska<\/em><\/p>\n<p style=\"padding-left: 30px;\"><em>Annars \u00e4r allt som f\u00f6rut.<\/em><\/p>\n","protected":false},"excerpt":{"rendered":"<p>Vissa sverigedemokratiska riksdagsm\u00e4ns formkurva: Fattig Fr\u00e4lse R\u00f6r-else Den som inte har en aning om hur kloka, sociala och renliga djur grisar \u00e4r grymte f\u00f6rsta grymtet. #r\u00f6rinteminv\u00e4ska SD-ledaren Jimmie \u00c5kesson v\u00e4ntas nu lansera partiets nya kampanj f\u00f6r nolltolerans mot v\u00e4ltande rullstolar. #r\u00f6rinteminv\u00e4ska Riksdagsmannen Lars Isovaara (SD) har polisanm\u00e4lts f\u00f6r att han uttalat sig kr\u00e4nkande mot en &hellip; <a href=\"https:\/\/sven-ove.nu\/?p=3891\" class=\"more-link\">Forts\u00e4tt l\u00e4sa <span class=\"screen-reader-text\">Javisst g\u00f6r det ont n\u00e4r v\u00e4skor fattas<\/span><\/a><\/p>\n","protected":false},"author":1,"featured_media":0,"comment_status":"open","ping_status":"open","sticky":false,"template":"","format":"standard","meta":{"_crdt_document":"","_monsterinsights_skip_tracking":false,"_monsterinsights_sitenote_active":false,"_monsterinsights_sitenote_note":"","_monsterinsights_sitenote_category":0,"footnotes":""},"categories":[1],"tags":[],"class_list":["post-3891","post","type-post","status-publish","format-standard","hentry","category-uncategorized"],"_links":{"self":[{"href":"https:\/\/sven-ove.nu\/index.php?rest_route=\/wp\/v2\/posts\/3891","targetHints":{"allow":["GET"]}}],"collection":[{"href":"https:\/\/sven-ove.nu\/index.php?rest_route=\/wp\/v2\/posts"}],"about":[{"href":"https:\/\/sven-ove.nu\/index.php?rest_route=\/wp\/v2\/types\/post"}],"author":[{"embeddable":true,"href":"https:\/\/sven-ove.nu\/index.php?rest_route=\/wp\/v2\/users\/1"}],"replies":[{"embeddable":true,"href":"https:\/\/sven-ove.nu\/index.php?rest_route=%2Fwp%2Fv2%2Fcomments&post=3891"}],"version-history":[{"count":4,"href":"https:\/\/sven-ove.nu\/index.php?rest_route=\/wp\/v2\/posts\/3891\/revisions"}],"predecessor-version":[{"id":3895,"href":"https:\/\/sven-ove.nu\/index.php?rest_route=\/wp\/v2\/posts\/3891\/revisions\/3895"}],"wp:attachment":[{"href":"https:\/\/sven-ove.nu\/index.php?rest_route=%2Fwp%2Fv2%2Fmedia&parent=3891"}],"wp:term":[{"taxonomy":"category","embeddable":true,"href":"https:\/\/sven-ove.nu\/index.php?rest_route=%2Fwp%2Fv2%2Fcategories&post=3891"},{"taxonomy":"post_tag","embeddable":true,"href":"https:\/\/sven-ove.nu\/index.php?rest_route=%2Fwp%2Fv2%2Ftags&post=3891"}],"curies":[{"name":"wp","href":"https:\/\/api.w.org\/{rel}","templated":true}]}}