{"id":3896,"date":"2012-11-30T06:10:03","date_gmt":"2012-11-30T05:10:03","guid":{"rendered":"http:\/\/sven-ove.nu\/?p=3896"},"modified":"2012-11-30T06:10:03","modified_gmt":"2012-11-30T05:10:03","slug":"vad-skulle-jag-sjalv-ta-med-mig","status":"publish","type":"post","link":"https:\/\/sven-ove.nu\/?p=3896","title":{"rendered":"Vad skulle jag sj\u00e4lv ta med mig?"},"content":{"rendered":"<p>R\u00e5sunda rivs och fansen har varit d\u00e4r och f\u00e5tt ta med sig gr\u00e4storvor och stolar hem. En del ville till och med ha krokarna fr\u00e5n omkl\u00e4dningsrummen. S\u00e5dant gillar jag. Historien \u00e4r viktig om vi ska f\u00f6rst\u00e5 nutiden. S\u00e5 vad skulle jag sj\u00e4lv ta med mig fr\u00e5n mina egna gamla milj\u00f6er?<\/p>\n<p><strong>Facit privaten<\/strong>, reseskrivmaskinen som jag skrev p\u00e5 varje dag i trettio \u00e5r.<\/p>\n<p><em> <\/em><\/p>\n<p><strong>Typometern<\/strong> fr\u00e5n journalisth\u00f6gskolan och notischefss\u00f6ndagarna p\u00e5 Sm\u00e5lands Folkblad, flitigt anv\u00e4nd n\u00e4r bilder skulle m\u00e4tas och sidskisser ritas.<\/p>\n<p><em> <\/em><\/p>\n<p><strong>Faxen<\/strong> fr\u00e5n V\u00e4rmlands Folkblads lokalredaktion i Sunne, den d\u00e4r vi fick tejpa ihop manusen om de var l\u00e4ngre \u00e4n en matsedel.<\/p>\n<p><em> <\/em><\/p>\n<p><strong>Composern<\/strong> fr\u00e5n n\u00e4r vi satte texten till kulturtidskriften Rallarros. Magisk sak som kom ih\u00e5g \u00e5tta tecken vid radbyte, om jag minns r\u00e4tt. Det har aldrig varit s\u00e5 roligt att komma till rads \u00e4nde.<\/p>\n<p><strong>Sn\u00f6rbordet<\/strong> fr\u00e5n SOS-centralen, 40-talsv\u00e4xeln som larmade alldeles utm\u00e4rkt \u00e4nda in i slutet av 1980-talet.<\/p>\n<p><strong>Skarsn\u00f6n<\/strong> fr\u00e5n de v\u00e5rvintrar d\u00e5 det gick att cykla gent \u00f6ver Stormossen p\u00e5 v\u00e4g till skolbilen bortom Smedkul\u2019 om mornarna.<\/p>\n<p>Alla <strong>flygblad<\/strong>, skoltidningar och andra utomparlamentariska blad jag var med och gjorde.<\/p>\n<p>Sony <strong>rullbandspelaren<\/strong> fr\u00e5n 1966, med samma popl\u00e5tar p\u00e5 i min ungdoms eviga blandband, inspelade med mikrofonen mot radioh\u00f6gtalaren.<\/p>\n<p>Det \u00e4kta <strong>potatismoset<\/strong> fr\u00e5n Teatergrillen i Karlstad, 1970-tal.<\/p>\n<p><strong>L\u00f6nekuvert<\/strong> fr\u00e5n s\u00e5gen i Molkom, 1967. F\u00f6rsta <strong>checkh\u00e4ftet<\/strong> fr\u00e5n 1983, mottaget i protest. F\u00f6rsta <strong>bankkortet<\/strong> l\u00e5ngt senare, lika motvilligt skaffat.<\/p>\n<p>Marathonplaketten fr\u00e5n G\u00f6teborg 1983, tv\u00e4ttsvamp fr\u00e5n Berlin Marathon 1990, alla l\u00f6parskor, alla t\u00e4vlingslinnen, alla nummerlappar, alla kompasser och orienteringskartor. Tallbarr fr\u00e5n moarna p\u00e5 femdagarsetappen vid Riddarhyttan. Segerbucklan fr\u00e5n Molkom\u2026<\/p>\n<p style=\"padding-left: 30px;\"><em>&#8211; Sluta nu, skrivare.<br \/>\n<\/em><em>&#8211; Varf\u00f6r det?<br \/>\n<\/em><em>&#8211; Du har ju redan det mesta av det d\u00e4r sparat.<br \/>\n<\/em><em>&#8211; Fel. Det \u00e4r mycket jag inte har kvar, det vet du.<br \/>\n<\/em><em>&#8211; Jag har lite mopedbensin fr\u00e5n 1966 kvar, vill du ha?<br \/>\n<\/em><em>&#8211; Skojar du?<br \/>\n<\/em><em>&#8211; Ett st\u00e4llbart munstycke d\u00e5?<\/em><\/p>\n<p style=\"padding-left: 30px;\"><a href=\"https:\/\/sven-ove.nu\/wp-content\/uploads\/2012\/11\/St\u00e4llbart-munstycke-Sachs.jpg\"><img loading=\"lazy\" decoding=\"async\" class=\"alignleft size-full wp-image-3897\" title=\"St\u00e4llbart munstycke Sachs\" src=\"https:\/\/sven-ove.nu\/wp-content\/uploads\/2012\/11\/St\u00e4llbart-munstycke-Sachs.jpg\" alt=\"\" width=\"911\" height=\"312\" srcset=\"https:\/\/sven-ove.nu\/wp-content\/uploads\/2012\/11\/St\u00e4llbart-munstycke-Sachs.jpg 911w, https:\/\/sven-ove.nu\/wp-content\/uploads\/2012\/11\/St\u00e4llbart-munstycke-Sachs-300x102.jpg 300w\" sizes=\"auto, (max-width: 911px) 100vw, 911px\" \/><\/a><\/p>\n","protected":false},"excerpt":{"rendered":"<p>R\u00e5sunda rivs och fansen har varit d\u00e4r och f\u00e5tt ta med sig gr\u00e4storvor och stolar hem. En del ville till och med ha krokarna fr\u00e5n omkl\u00e4dningsrummen. S\u00e5dant gillar jag. Historien \u00e4r viktig om vi ska f\u00f6rst\u00e5 nutiden. S\u00e5 vad skulle jag sj\u00e4lv ta med mig fr\u00e5n mina egna gamla milj\u00f6er? Facit privaten, reseskrivmaskinen som jag &hellip; <a href=\"https:\/\/sven-ove.nu\/?p=3896\" class=\"more-link\">Forts\u00e4tt l\u00e4sa <span class=\"screen-reader-text\">Vad skulle jag sj\u00e4lv ta med mig?<\/span><\/a><\/p>\n","protected":false},"author":1,"featured_media":0,"comment_status":"open","ping_status":"open","sticky":false,"template":"","format":"standard","meta":{"_crdt_document":"","_monsterinsights_skip_tracking":false,"_monsterinsights_sitenote_active":false,"_monsterinsights_sitenote_note":"","_monsterinsights_sitenote_category":0,"footnotes":""},"categories":[10,4],"tags":[3,8],"class_list":["post-3896","post","type-post","status-publish","format-standard","hentry","category-familjen","category-skrivande","tag-arbete","tag-historia"],"_links":{"self":[{"href":"https:\/\/sven-ove.nu\/index.php?rest_route=\/wp\/v2\/posts\/3896","targetHints":{"allow":["GET"]}}],"collection":[{"href":"https:\/\/sven-ove.nu\/index.php?rest_route=\/wp\/v2\/posts"}],"about":[{"href":"https:\/\/sven-ove.nu\/index.php?rest_route=\/wp\/v2\/types\/post"}],"author":[{"embeddable":true,"href":"https:\/\/sven-ove.nu\/index.php?rest_route=\/wp\/v2\/users\/1"}],"replies":[{"embeddable":true,"href":"https:\/\/sven-ove.nu\/index.php?rest_route=%2Fwp%2Fv2%2Fcomments&post=3896"}],"version-history":[{"count":3,"href":"https:\/\/sven-ove.nu\/index.php?rest_route=\/wp\/v2\/posts\/3896\/revisions"}],"predecessor-version":[{"id":3900,"href":"https:\/\/sven-ove.nu\/index.php?rest_route=\/wp\/v2\/posts\/3896\/revisions\/3900"}],"wp:attachment":[{"href":"https:\/\/sven-ove.nu\/index.php?rest_route=%2Fwp%2Fv2%2Fmedia&parent=3896"}],"wp:term":[{"taxonomy":"category","embeddable":true,"href":"https:\/\/sven-ove.nu\/index.php?rest_route=%2Fwp%2Fv2%2Fcategories&post=3896"},{"taxonomy":"post_tag","embeddable":true,"href":"https:\/\/sven-ove.nu\/index.php?rest_route=%2Fwp%2Fv2%2Ftags&post=3896"}],"curies":[{"name":"wp","href":"https:\/\/api.w.org\/{rel}","templated":true}]}}