{"id":4077,"date":"2012-12-10T09:00:42","date_gmt":"2012-12-10T08:00:42","guid":{"rendered":"http:\/\/sven-ove.nu\/?p=4077"},"modified":"2012-12-10T09:22:09","modified_gmt":"2012-12-10T08:22:09","slug":"mitt-alskade-resmal-mandag-morgon","status":"publish","type":"post","link":"https:\/\/sven-ove.nu\/?p=4077","title":{"rendered":"Mitt \u00e4lskade resm\u00e5l m\u00e5ndag morgon"},"content":{"rendered":"<p>\u00c5ker till jobbet f\u00f6r f\u00f6rsta g\u00e5ngen p\u00e5 n\u00e4stan tre veckor, om vi r\u00e4knar bort en dag n\u00e4r jag verkligen f\u00f6rs\u00f6kte. G\u00e5r uppf\u00f6r trappan, nyckelkortet i n\u00e4ven, kliver in p\u00e5 rummet, h\u00e4nger av jackan, t\u00e4nder lampan, startar datorn, stoppar matl\u00e5dan i kylsk\u00e5pet.<\/p>\n<p>Titta, jag har f\u00e5tt mejl. Mmmm, flera pappersbrev ocks\u00e5. F\u00e5 se nu, hur \u00e4r det man svarar p\u00e5 en m\u00f6tesinbjudan? Hej kamrater, jag \u00e4r tillbaka. Har det h\u00e4nt n\u00e5t p\u00e5 firman?<\/p>\n<p>\u00c5 vad jag \u00e4lskar att ha ett arbete att g\u00e5 till. Chefen, \u00e4r det okay om jag jobbar i mellandagarna?<\/p>\n","protected":false},"excerpt":{"rendered":"<p>\u00c5ker till jobbet f\u00f6r f\u00f6rsta g\u00e5ngen p\u00e5 n\u00e4stan tre veckor, om vi r\u00e4knar bort en dag n\u00e4r jag verkligen f\u00f6rs\u00f6kte. G\u00e5r uppf\u00f6r trappan, nyckelkortet i n\u00e4ven, kliver in p\u00e5 rummet, h\u00e4nger av jackan, t\u00e4nder lampan, startar datorn, stoppar matl\u00e5dan i kylsk\u00e5pet. Titta, jag har f\u00e5tt mejl. Mmmm, flera pappersbrev ocks\u00e5. F\u00e5 se nu, hur \u00e4r &hellip; <a href=\"https:\/\/sven-ove.nu\/?p=4077\" class=\"more-link\">Forts\u00e4tt l\u00e4sa <span class=\"screen-reader-text\">Mitt \u00e4lskade resm\u00e5l m\u00e5ndag morgon<\/span><\/a><\/p>\n","protected":false},"author":1,"featured_media":0,"comment_status":"open","ping_status":"open","sticky":false,"template":"","format":"standard","meta":{"_crdt_document":"","_monsterinsights_skip_tracking":false,"_monsterinsights_sitenote_active":false,"_monsterinsights_sitenote_note":"","_monsterinsights_sitenote_category":0,"footnotes":""},"categories":[10],"tags":[3,24],"class_list":["post-4077","post","type-post","status-publish","format-standard","hentry","category-familjen","tag-arbete","tag-karlek"],"_links":{"self":[{"href":"https:\/\/sven-ove.nu\/index.php?rest_route=\/wp\/v2\/posts\/4077","targetHints":{"allow":["GET"]}}],"collection":[{"href":"https:\/\/sven-ove.nu\/index.php?rest_route=\/wp\/v2\/posts"}],"about":[{"href":"https:\/\/sven-ove.nu\/index.php?rest_route=\/wp\/v2\/types\/post"}],"author":[{"embeddable":true,"href":"https:\/\/sven-ove.nu\/index.php?rest_route=\/wp\/v2\/users\/1"}],"replies":[{"embeddable":true,"href":"https:\/\/sven-ove.nu\/index.php?rest_route=%2Fwp%2Fv2%2Fcomments&post=4077"}],"version-history":[{"count":4,"href":"https:\/\/sven-ove.nu\/index.php?rest_route=\/wp\/v2\/posts\/4077\/revisions"}],"predecessor-version":[{"id":4079,"href":"https:\/\/sven-ove.nu\/index.php?rest_route=\/wp\/v2\/posts\/4077\/revisions\/4079"}],"wp:attachment":[{"href":"https:\/\/sven-ove.nu\/index.php?rest_route=%2Fwp%2Fv2%2Fmedia&parent=4077"}],"wp:term":[{"taxonomy":"category","embeddable":true,"href":"https:\/\/sven-ove.nu\/index.php?rest_route=%2Fwp%2Fv2%2Fcategories&post=4077"},{"taxonomy":"post_tag","embeddable":true,"href":"https:\/\/sven-ove.nu\/index.php?rest_route=%2Fwp%2Fv2%2Ftags&post=4077"}],"curies":[{"name":"wp","href":"https:\/\/api.w.org\/{rel}","templated":true}]}}