{"id":4106,"date":"2012-12-21T04:00:58","date_gmt":"2012-12-21T03:00:58","guid":{"rendered":"http:\/\/sven-ove.nu\/?p=4106"},"modified":"2012-12-12T23:48:57","modified_gmt":"2012-12-12T22:48:57","slug":"om-du-tror","status":"publish","type":"post","link":"https:\/\/sven-ove.nu\/?p=4106","title":{"rendered":"Om du tror"},"content":{"rendered":"<p style=\"text-align: left;\"><a href=\"https:\/\/sven-ove.nu\/wp-content\/uploads\/2012\/12\/121221.jpg\"><img loading=\"lazy\" decoding=\"async\" class=\"size-full wp-image-4107\" title=\"121221\" src=\"https:\/\/sven-ove.nu\/wp-content\/uploads\/2012\/12\/121221.jpg\" alt=\"\" width=\"397\" height=\"193\" srcset=\"https:\/\/sven-ove.nu\/wp-content\/uploads\/2012\/12\/121221.jpg 397w, https:\/\/sven-ove.nu\/wp-content\/uploads\/2012\/12\/121221-300x145.jpg 300w\" sizes=\"auto, (max-width: 397px) 100vw, 397px\" \/><\/a><\/p>\n<p>Om du tror att jorden ska g\u00e5 under i dag<br \/>\ns\u00e5 hoppas jag du har n\u00e5got annat att tro p\u00e5 i morgon.<\/p>\n<p>N\u00e5got som inte \u00e4r byggt av sn\u00f6mos och vidskepelse.<br \/>\nF\u00e5r jag f\u00f6resl\u00e5 Frihet, J\u00e4mlikhet, Systerskap &amp; H\u00e5llbart Vackert V\u00e4lsk\u00f6tt Jordklot?<\/p>\n<p>Med sidensvansar p\u00e5.<\/p>\n","protected":false},"excerpt":{"rendered":"<p>Om du tror att jorden ska g\u00e5 under i dag s\u00e5 hoppas jag du har n\u00e5got annat att tro p\u00e5 i morgon. N\u00e5got som inte \u00e4r byggt av sn\u00f6mos och vidskepelse. F\u00e5r jag f\u00f6resl\u00e5 Frihet, J\u00e4mlikhet, Systerskap &amp; H\u00e5llbart Vackert V\u00e4lsk\u00f6tt Jordklot? Med sidensvansar p\u00e5.<\/p>\n","protected":false},"author":1,"featured_media":0,"comment_status":"open","ping_status":"open","sticky":false,"template":"","format":"standard","meta":{"_crdt_document":"","_monsterinsights_skip_tracking":false,"_monsterinsights_sitenote_active":false,"_monsterinsights_sitenote_note":"","_monsterinsights_sitenote_category":0,"footnotes":""},"categories":[9],"tags":[16,15,17],"class_list":["post-4106","post","type-post","status-publish","format-standard","hentry","category-politik","tag-dumheter","tag-mediedjungeln","tag-solidaritet"],"_links":{"self":[{"href":"https:\/\/sven-ove.nu\/index.php?rest_route=\/wp\/v2\/posts\/4106","targetHints":{"allow":["GET"]}}],"collection":[{"href":"https:\/\/sven-ove.nu\/index.php?rest_route=\/wp\/v2\/posts"}],"about":[{"href":"https:\/\/sven-ove.nu\/index.php?rest_route=\/wp\/v2\/types\/post"}],"author":[{"embeddable":true,"href":"https:\/\/sven-ove.nu\/index.php?rest_route=\/wp\/v2\/users\/1"}],"replies":[{"embeddable":true,"href":"https:\/\/sven-ove.nu\/index.php?rest_route=%2Fwp%2Fv2%2Fcomments&post=4106"}],"version-history":[{"count":2,"href":"https:\/\/sven-ove.nu\/index.php?rest_route=\/wp\/v2\/posts\/4106\/revisions"}],"predecessor-version":[{"id":4109,"href":"https:\/\/sven-ove.nu\/index.php?rest_route=\/wp\/v2\/posts\/4106\/revisions\/4109"}],"wp:attachment":[{"href":"https:\/\/sven-ove.nu\/index.php?rest_route=%2Fwp%2Fv2%2Fmedia&parent=4106"}],"wp:term":[{"taxonomy":"category","embeddable":true,"href":"https:\/\/sven-ove.nu\/index.php?rest_route=%2Fwp%2Fv2%2Fcategories&post=4106"},{"taxonomy":"post_tag","embeddable":true,"href":"https:\/\/sven-ove.nu\/index.php?rest_route=%2Fwp%2Fv2%2Ftags&post=4106"}],"curies":[{"name":"wp","href":"https:\/\/api.w.org\/{rel}","templated":true}]}}