{"id":4162,"date":"2012-12-16T12:32:48","date_gmt":"2012-12-16T11:32:48","guid":{"rendered":"http:\/\/sven-ove.nu\/?p=4162"},"modified":"2012-12-18T11:54:02","modified_gmt":"2012-12-18T10:54:02","slug":"vem-ar-individ-och-vem-ar-schablon","status":"publish","type":"post","link":"https:\/\/sven-ove.nu\/?p=4162","title":{"rendered":"Vem \u00e4r individ och vem \u00e4r schablon?"},"content":{"rendered":"<p><a href=\"https:\/\/sven-ove.nu\/wp-content\/uploads\/2012\/12\/Sk\u00e4rmavbild-2012-12-16-kl.-12.22.20.png\"><img loading=\"lazy\" decoding=\"async\" class=\"alignright size-thumbnail wp-image-4163\" title=\"Sk\u00e4rmavbild 2012-12-16 kl. 12.22.20\" src=\"https:\/\/sven-ove.nu\/wp-content\/uploads\/2012\/12\/Sk\u00e4rmavbild-2012-12-16-kl.-12.22.20-150x150.png\" alt=\"\" width=\"150\" height=\"150\" \/><\/a>Nej, jag tycker inte att filmbolagets <a href=\"http:\/\/www.aftonbladet.se\/nojesbladet\/article15933831.ab\" target=\"_blank\">beslut<\/a> att <a href=\"http:\/\/www.svd.se\/kultur\/disney-klipper-bort-svart-docka_7756096.svd\" target=\"_blank\">klippa<\/a> bort den svarta tjejen fr\u00e5n filmen om tomtens julverkstad \u00e4r den viktigaste fr\u00e5gan denna vinter. Inte n\u00e4r Syriens regering d\u00f6dar sitt eget folk och n\u00e4r sjuka och arbetsl\u00f6sa i v\u00e5rt eget land h\u00e5lls nere av en h\u00e5rdh\u00e4nt ekonomisk politik.<\/p>\n<p>Det finns viktigare fr\u00e5gor. Men n\u00e4r vi nu \u00e4nd\u00e5 diskuterar denna v\u00e5r jultradition s\u00e5 kommer h\u00e4r mina funderingar kring de konserverande schablonerna.<\/p>\n<p>Filmen ger en schablonartad bild av <strong>arbetarklassen<\/strong>. Alla tomtenissarna vid det l\u00f6pande bandet i tomtens verkstad ser likadana ut. De \u00e4r duktiga prolet\u00e4rer men kopior.<\/p>\n<p>Filmen ger en schablonartad bild av <strong>konstn\u00e4rer<\/strong>. Alla som m\u00e5lar dockansikten i verkstaden b\u00e4r baskrar, ser likadana ut och m\u00e5lar likadant hela tiden, p\u00e5 order av tomten f\u00e5r man f\u00f6rmoda.<\/p>\n<p>Filmen ger en schablonartad bild av <strong>flickor<\/strong> som sm\u00e5 r\u00e4dda varelser. Alla f\u00e5r de sina lockar lockade, efter att f\u00f6rst ha skr\u00e4mts rej\u00e4lt av en spindel som en nisse h\u00e5ller fram.<\/p>\n<p>Filmen ger en schablonartad bild av <strong>blondiner<\/strong>. \u201dMa-ma\u201d piper flickdockan blygt, n\u00e4r hon st\u00e5r framf\u00f6r tomten som ska godk\u00e4nna henne.<\/p>\n<p style=\"padding-left: 30px;\"><strong>Filmen ger d\u00e4remot en individualiserad bild av <\/strong><em>den svarta flickan<\/em><strong>. Enligt mitt tycke finns det bara tre som \u00e4r individer i gestaltningen av tomtens verkstad. <\/strong><em>Tomten<\/em><strong> sj\u00e4lv, hans <\/strong><em>medhj\u00e4lpare<\/em><strong> med \u00f6nskelistorna \u2013 och s\u00e5 hon, <\/strong><em>den<strong> <\/strong>afroamerikanska tjejen<\/em><strong>. Stark och frimodig st\u00e4ller hon sig framf\u00f6r tomten, ropar sitt stolta \u201dMamsen!\u201d och godk\u00e4nner sig sj\u00e4lv, utan att n\u00e5gon sk\u00e4ggig gammal viting ska beh\u00f6va blanda sig i saken.<\/strong><\/p>\n<p><strong> <\/strong><\/p>\n<p style=\"padding-left: 30px;\"><strong>Jo, nog \u00e4r <a href=\"http:\/\/www.youtube.com\/watch?v=erqEe49ZwSQ\">den filmen<\/a> full av schabloner.<\/strong><\/p>\n","protected":false},"excerpt":{"rendered":"<p>Nej, jag tycker inte att filmbolagets beslut att klippa bort den svarta tjejen fr\u00e5n filmen om tomtens julverkstad \u00e4r den viktigaste fr\u00e5gan denna vinter. Inte n\u00e4r Syriens regering d\u00f6dar sitt eget folk och n\u00e4r sjuka och arbetsl\u00f6sa i v\u00e5rt eget land h\u00e5lls nere av en h\u00e5rdh\u00e4nt ekonomisk politik. Det finns viktigare fr\u00e5gor. Men n\u00e4r vi &hellip; <a href=\"https:\/\/sven-ove.nu\/?p=4162\" class=\"more-link\">Forts\u00e4tt l\u00e4sa <span class=\"screen-reader-text\">Vem \u00e4r individ och vem \u00e4r schablon?<\/span><\/a><\/p>\n","protected":false},"author":1,"featured_media":0,"comment_status":"open","ping_status":"open","sticky":false,"template":"","format":"standard","meta":{"_crdt_document":"","_monsterinsights_skip_tracking":false,"_monsterinsights_sitenote_active":false,"_monsterinsights_sitenote_note":"","_monsterinsights_sitenote_category":0,"footnotes":""},"categories":[10],"tags":[15],"class_list":["post-4162","post","type-post","status-publish","format-standard","hentry","category-familjen","tag-mediedjungeln"],"_links":{"self":[{"href":"https:\/\/sven-ove.nu\/index.php?rest_route=\/wp\/v2\/posts\/4162","targetHints":{"allow":["GET"]}}],"collection":[{"href":"https:\/\/sven-ove.nu\/index.php?rest_route=\/wp\/v2\/posts"}],"about":[{"href":"https:\/\/sven-ove.nu\/index.php?rest_route=\/wp\/v2\/types\/post"}],"author":[{"embeddable":true,"href":"https:\/\/sven-ove.nu\/index.php?rest_route=\/wp\/v2\/users\/1"}],"replies":[{"embeddable":true,"href":"https:\/\/sven-ove.nu\/index.php?rest_route=%2Fwp%2Fv2%2Fcomments&post=4162"}],"version-history":[{"count":6,"href":"https:\/\/sven-ove.nu\/index.php?rest_route=\/wp\/v2\/posts\/4162\/revisions"}],"predecessor-version":[{"id":4185,"href":"https:\/\/sven-ove.nu\/index.php?rest_route=\/wp\/v2\/posts\/4162\/revisions\/4185"}],"wp:attachment":[{"href":"https:\/\/sven-ove.nu\/index.php?rest_route=%2Fwp%2Fv2%2Fmedia&parent=4162"}],"wp:term":[{"taxonomy":"category","embeddable":true,"href":"https:\/\/sven-ove.nu\/index.php?rest_route=%2Fwp%2Fv2%2Fcategories&post=4162"},{"taxonomy":"post_tag","embeddable":true,"href":"https:\/\/sven-ove.nu\/index.php?rest_route=%2Fwp%2Fv2%2Ftags&post=4162"}],"curies":[{"name":"wp","href":"https:\/\/api.w.org\/{rel}","templated":true}]}}