{"id":4202,"date":"2012-12-26T04:00:00","date_gmt":"2012-12-26T03:00:00","guid":{"rendered":"http:\/\/sven-ove.nu\/?p=4202"},"modified":"2012-12-26T11:31:41","modified_gmt":"2012-12-26T10:31:41","slug":"ror-inte-min-kompis","status":"publish","type":"post","link":"https:\/\/sven-ove.nu\/?p=4202","title":{"rendered":"R\u00f6r inte min kompis"},"content":{"rendered":"<p><strong>Ting<\/strong> \u00e4r inte det som intresserar mig mest h\u00e4r i livet. K\u00e4nslor d\u00e4remot tycker jag om, s\u00e5dana som en karl f\u00e5r inombords av att umg\u00e5s med den k\u00e4ra v\u00e4nnen och sina goa barn och barnbarn. S\u00e5dana som en fikastund sk\u00e4nker i en skogsgl\u00e4nta lagom l\u00e5ngt bort, s\u00e5dana som en genomarbetad och eftert\u00e4nksam bok ger, eller en lugn l\u00f6ptur efter Klar\u00e4lven och l\u00e4ngs stigarna bortom friluftsg\u00e5rden.<\/p>\n<p>Skratt, gl\u00e4dje, vemod, k\u00e4rlek. Vrede \u00f6ver en or\u00e4ttvis v\u00e4rld. Den sortens k\u00e4nslor.<\/p>\n<p>Visst har man \u00e4nd\u00e5 samlat p\u00e5 sig ting, n\u00e4r man \u00e4r en lagom tjock man i 62-\u00e5rs\u00e5ldern. Vi st\u00e4dade ur sk\u00e5p och l\u00e5dor f\u00f6r n\u00e5got \u00e5r sedan n\u00e4r vi renoverade k\u00f6ket och fick stora bortkastardillet. Kasta och kasta, mycket gick till Forshagas v\u00e4lg\u00f6renhetsorganisationer. F\u00f6runderligt stort \u00e4r v\u00e5r tids intresse f\u00f6r begagnade ting.<\/p>\n<p>Garaget \u00e4r lika fullt f\u00f6r det. Jag kanske borde sl\u00e4nga mina gamla l\u00f6partidningar, antydde den k\u00e4ra v\u00e4nnen. Gl\u00f6m det. Jo kanske.<\/p>\n<p><strong>Kommer till oss i s\u00e4ngen<br \/>\n<\/strong><strong>Ett<\/strong> v\u00e4rldsligt ting finns det som jag aldrig ger bort. Den beh\u00e4ndiga lilla dator som gjorde att den h\u00e4r bloggen blev till. Verktyget som fick mig att bli facebookmissbrukare och \u00e4nnu flitigare n\u00e4tanv\u00e4ndare \u00e4n jag redan var. Helgdagsafton eller vardagskv\u00e4ll, framf\u00f6r en tv p\u00e5 Grossbolstorp sitter denna barnsliga 61-\u00e5ring och surfar fram mellan smultronst\u00e4llena p\u00e5 n\u00e4tet medan teven m\u00e4ssar.<\/p>\n<p><a href=\"https:\/\/sven-ove.nu\/wp-content\/uploads\/2012\/12\/Datorn.jpg\"><img loading=\"lazy\" decoding=\"async\" class=\"alignright size-medium wp-image-4203\" title=\"Datorn\" src=\"https:\/\/sven-ove.nu\/wp-content\/uploads\/2012\/12\/Datorn-225x300.jpg\" alt=\"\" width=\"225\" height=\"300\" srcset=\"https:\/\/sven-ove.nu\/wp-content\/uploads\/2012\/12\/Datorn-225x300.jpg 225w, https:\/\/sven-ove.nu\/wp-content\/uploads\/2012\/12\/Datorn-768x1024.jpg 768w, https:\/\/sven-ove.nu\/wp-content\/uploads\/2012\/12\/Datorn.jpg 1200w\" sizes=\"auto, (max-width: 225px) 100vw, 225px\" \/><\/a>Ibland ligger hon i s\u00e4ngen mellan oss och sparkar mig f\u00f6rsiktigt i sidan, precis som barnen gjorde n\u00e4r de var sm\u00e5. Hon, det \u00e4r lilldatorn. \u201dTitta, har du sett den h\u00e4r st\u00e5 upp-komikern?\u201d s\u00e4ger jag till min fru och klickar fram Johan Glans p\u00e5 youtube. \u201dH\u00f6r p\u00e5 den h\u00e4r Lindemannen, visst var Hasse &amp; Tage genier\u201d. N\u00e4r president ska v\u00e4ljas i Amerika glor jag tyst p\u00e5 CNN i datorn l\u00e5ngt in p\u00e5 sm\u00e5timmarna, utan tanke p\u00e5 hur tr\u00f6tt jag ska bli p\u00e5 jobbet n\u00e4sta dag.<\/p>\n<p>\u00c4lskade lilla ting. Lika l\u00e4tt att skriva p\u00e5, lika n\u00e4ra mellan tanke och bokstav som med pennan och moleskinblocket. Just det, block och penna \u00e4lskar jag ocks\u00e5.<\/p>\n<p><strong>Henne r\u00f6r ni inte<br \/>\n<\/strong>Ni kan ta mina sista y-frontkalsonger som jag sparat i en kartong av sentimentala sk\u00e4l, tillsammans med den bruna velourdressen fr\u00e5n pappaledigheten 1986. Ni kan ta oket, den st\u00e5lskodda tr\u00e4spaden fr\u00e5n \u00c4ngeb\u00e4ckstorp, slagan och l\u00f6partidningen Springtime, \u00e5rg\u00e5ng 1989. Fast helst inte.<\/p>\n<p>Men min kompis r\u00f6r ni inte.<br \/>\nEn dag ska hon och jag f\u00e5 till en formulering som vi \u00e4r n\u00f6jda med.<\/p>\n<p style=\"padding-left: 60px;\">&nbsp;<\/p>\n<p style=\"padding-left: 60px;\"><em>&#8230; och h\u00e4r \u00e4r <a href=\"http:\/\/www.dn.se\/debatt\/gamla-julen-slogs-i-spillror-redan-for-hundra-ar-sedan\" target=\"_blank\">historisk l\u00e4sning<\/a>.<\/em><\/p>\n","protected":false},"excerpt":{"rendered":"<p>Ting \u00e4r inte det som intresserar mig mest h\u00e4r i livet. K\u00e4nslor d\u00e4remot tycker jag om, s\u00e5dana som en karl f\u00e5r inombords av att umg\u00e5s med den k\u00e4ra v\u00e4nnen och sina goa barn och barnbarn. S\u00e5dana som en fikastund sk\u00e4nker i en skogsgl\u00e4nta lagom l\u00e5ngt bort, s\u00e5dana som en genomarbetad och eftert\u00e4nksam bok ger, eller &hellip; <a href=\"https:\/\/sven-ove.nu\/?p=4202\" class=\"more-link\">Forts\u00e4tt l\u00e4sa <span class=\"screen-reader-text\">R\u00f6r inte min kompis<\/span><\/a><\/p>\n","protected":false},"author":1,"featured_media":0,"comment_status":"open","ping_status":"open","sticky":false,"template":"","format":"standard","meta":{"_crdt_document":"","_monsterinsights_skip_tracking":false,"_monsterinsights_sitenote_active":false,"_monsterinsights_sitenote_note":"","_monsterinsights_sitenote_category":0,"footnotes":""},"categories":[10,4],"tags":[13],"class_list":["post-4202","post","type-post","status-publish","format-standard","hentry","category-familjen","category-skrivande","tag-utrustning"],"_links":{"self":[{"href":"https:\/\/sven-ove.nu\/index.php?rest_route=\/wp\/v2\/posts\/4202","targetHints":{"allow":["GET"]}}],"collection":[{"href":"https:\/\/sven-ove.nu\/index.php?rest_route=\/wp\/v2\/posts"}],"about":[{"href":"https:\/\/sven-ove.nu\/index.php?rest_route=\/wp\/v2\/types\/post"}],"author":[{"embeddable":true,"href":"https:\/\/sven-ove.nu\/index.php?rest_route=\/wp\/v2\/users\/1"}],"replies":[{"embeddable":true,"href":"https:\/\/sven-ove.nu\/index.php?rest_route=%2Fwp%2Fv2%2Fcomments&post=4202"}],"version-history":[{"count":5,"href":"https:\/\/sven-ove.nu\/index.php?rest_route=\/wp\/v2\/posts\/4202\/revisions"}],"predecessor-version":[{"id":4215,"href":"https:\/\/sven-ove.nu\/index.php?rest_route=\/wp\/v2\/posts\/4202\/revisions\/4215"}],"wp:attachment":[{"href":"https:\/\/sven-ove.nu\/index.php?rest_route=%2Fwp%2Fv2%2Fmedia&parent=4202"}],"wp:term":[{"taxonomy":"category","embeddable":true,"href":"https:\/\/sven-ove.nu\/index.php?rest_route=%2Fwp%2Fv2%2Fcategories&post=4202"},{"taxonomy":"post_tag","embeddable":true,"href":"https:\/\/sven-ove.nu\/index.php?rest_route=%2Fwp%2Fv2%2Ftags&post=4202"}],"curies":[{"name":"wp","href":"https:\/\/api.w.org\/{rel}","templated":true}]}}