{"id":4374,"date":"2013-01-12T04:00:59","date_gmt":"2013-01-12T03:00:59","guid":{"rendered":"http:\/\/sven-ove.nu\/?p=4374"},"modified":"2013-01-10T20:56:36","modified_gmt":"2013-01-10T19:56:36","slug":"vilka-faglar-gillar-applen","status":"publish","type":"post","link":"https:\/\/sven-ove.nu\/?p=4374","title":{"rendered":"Vilka f\u00e5glar gillar \u00e4pplen?"},"content":{"rendered":"<p><a href=\"https:\/\/sven-ove.nu\/wp-content\/uploads\/2013\/01\/F\u00e5geldagbok2.jpg\"><img loading=\"lazy\" decoding=\"async\" class=\"alignright size-full wp-image-4381\" title=\"F\u00e5geldagbok\" src=\"https:\/\/sven-ove.nu\/wp-content\/uploads\/2013\/01\/F\u00e5geldagbok2.jpg\" alt=\"\" width=\"183\" height=\"230\" \/><\/a>&#8211; Tomten hade l\u00e5nat mormors r\u00f6st\u2026 s\u00e4ger barnbarnen. Det f\u00e5r man h\u00e5lla med om. Mig gav han en f\u00e5geldagbok med Dan Zetterstr\u00f6ms vackra bilder och med matnyttig text av Mats Ottosson.<\/p>\n<p>Matnyttig \u00e4r r\u00e4tt ord. Vet du vilka f\u00e5glar som gillar <strong>hampfr\u00f6<\/strong>, vilka som tycker om <strong>solrosfr\u00f6<\/strong>, vilka som \u00e4ter <strong>havre<\/strong>, vilka du kan locka med osaltade <strong>jordn\u00f6tter<\/strong>, vilka som \u00e4lskar <strong>talg<\/strong>, ister och kokosfett och vilka som g\u00e5r att fresta med <strong>\u00e4pplen<\/strong>? Det vet jag, f\u00f6r det st\u00e5r p\u00e5 sista sidan i m\u00e5naden januari i den fina boken. V\u00e4nd p\u00e5 sk\u00e4rmen s\u00e5 har du svaret.<\/p>\n<p>Sj\u00e4lv gillar jag alltihop utom talg, ister och kokosfett. Hampfr\u00f6 vet jag inte riktigt.<\/p>\n<p><strong>Huliganerna hackar h\u00e5l<br \/>\n<\/strong>Kottar \u00e4ter jag ocks\u00e5 s\u00e4llan nu f\u00f6r tiden. Ett d\u00e5ligt kott\u00e5r kan h\u00e4nda att svenska hackspettar utvandrar i massor. En ringm\u00e4rkt st\u00f6rre hackspett fl\u00f6g \u00e4nda till Italien en s\u00e5dan vinter, skriver boken. Det g\u00f6r inte v\u00e5ra hackspettar i \u00e5r. De \u00e4ter talgen som vi h\u00e4nger ut och sedan hackar de \u00e5 det gr\u00f6vsta p\u00e5 v\u00e5rt paradis\u00e4ppeltr\u00e4d. D\u00e5 st\u00e5r det en g\u00f4bbe i f\u00e5gelmatar\u00e5ldern och muttrar p\u00e5 insidan av altand\u00f6rrens ruta.<\/p>\n<p>&#8211; \u00c4lskade marod\u00f6rer, ge fanken i mitt tr\u00e4d, muttrar g\u00f4bben och g\u00e5r f\u00f6r att h\u00e4mta mera talg.<\/p>\n<p>Hackspetten har en helt annan syn p\u00e5 fr\u00e5gan om att \u00e4ga tr\u00e4d. Den tokfransen \u00e4r mer p\u00e5 Pierre-Joseph <a href=\"http:\/\/sv.wikipedia.org\/wiki\/Pierre-Joseph_Proudhon\">Proudhons<\/a> linje.<\/p>\n<p style=\"padding-left: 30px;\"><strong>Bok<\/strong>: <em>Dan Zetterstr\u00f6m (bild) och Mats Ottosson (text), <strong>F\u00e5geldagbok 2013<\/strong>, \u00c5rsalmanacka f\u00f6r egna noteringar, Bonnier Fakta, Stockholm 2012.<br \/>\n<\/em><\/p>\n<p style=\"padding-left: 30px;\"><em><a href=\"https:\/\/sven-ove.nu\/wp-content\/uploads\/2013\/01\/Matsedel.jpg\"><img loading=\"lazy\" decoding=\"async\" class=\"size-medium wp-image-4375 alignright\" title=\"Matsedel\" src=\"https:\/\/sven-ove.nu\/wp-content\/uploads\/2013\/01\/Matsedel-300x177.jpg\" alt=\"\" width=\"300\" height=\"177\" srcset=\"https:\/\/sven-ove.nu\/wp-content\/uploads\/2013\/01\/Matsedel-300x177.jpg 300w, https:\/\/sven-ove.nu\/wp-content\/uploads\/2013\/01\/Matsedel.jpg 608w\" sizes=\"auto, (max-width: 300px) 100vw, 300px\" \/><\/a><\/em><\/p>\n<p style=\"padding-left: 30px;\">&nbsp;<\/p>\n<p style=\"padding-left: 30px;\">&nbsp;<\/p>\n<p style=\"padding-left: 30px;\">&nbsp;<\/p>\n<p style=\"padding-left: 30px;\">&nbsp;<\/p>\n<p style=\"padding-left: 30px;\"><em><br \/>\n<\/em><\/p>\n","protected":false},"excerpt":{"rendered":"<p>&#8211; Tomten hade l\u00e5nat mormors r\u00f6st\u2026 s\u00e4ger barnbarnen. Det f\u00e5r man h\u00e5lla med om. Mig gav han en f\u00e5geldagbok med Dan Zetterstr\u00f6ms vackra bilder och med matnyttig text av Mats Ottosson. Matnyttig \u00e4r r\u00e4tt ord. Vet du vilka f\u00e5glar som gillar hampfr\u00f6, vilka som tycker om solrosfr\u00f6, vilka som \u00e4ter havre, vilka du kan locka &hellip; <a href=\"https:\/\/sven-ove.nu\/?p=4374\" class=\"more-link\">Forts\u00e4tt l\u00e4sa <span class=\"screen-reader-text\">Vilka f\u00e5glar gillar \u00e4pplen?<\/span><\/a><\/p>\n","protected":false},"author":1,"featured_media":0,"comment_status":"open","ping_status":"open","sticky":false,"template":"","format":"standard","meta":{"_crdt_document":"","_monsterinsights_skip_tracking":false,"_monsterinsights_sitenote_active":false,"_monsterinsights_sitenote_note":"","_monsterinsights_sitenote_category":0,"footnotes":""},"categories":[10,6],"tags":[24],"class_list":["post-4374","post","type-post","status-publish","format-standard","hentry","category-familjen","category-natur","tag-karlek"],"_links":{"self":[{"href":"https:\/\/sven-ove.nu\/index.php?rest_route=\/wp\/v2\/posts\/4374","targetHints":{"allow":["GET"]}}],"collection":[{"href":"https:\/\/sven-ove.nu\/index.php?rest_route=\/wp\/v2\/posts"}],"about":[{"href":"https:\/\/sven-ove.nu\/index.php?rest_route=\/wp\/v2\/types\/post"}],"author":[{"embeddable":true,"href":"https:\/\/sven-ove.nu\/index.php?rest_route=\/wp\/v2\/users\/1"}],"replies":[{"embeddable":true,"href":"https:\/\/sven-ove.nu\/index.php?rest_route=%2Fwp%2Fv2%2Fcomments&post=4374"}],"version-history":[{"count":11,"href":"https:\/\/sven-ove.nu\/index.php?rest_route=\/wp\/v2\/posts\/4374\/revisions"}],"predecessor-version":[{"id":4389,"href":"https:\/\/sven-ove.nu\/index.php?rest_route=\/wp\/v2\/posts\/4374\/revisions\/4389"}],"wp:attachment":[{"href":"https:\/\/sven-ove.nu\/index.php?rest_route=%2Fwp%2Fv2%2Fmedia&parent=4374"}],"wp:term":[{"taxonomy":"category","embeddable":true,"href":"https:\/\/sven-ove.nu\/index.php?rest_route=%2Fwp%2Fv2%2Fcategories&post=4374"},{"taxonomy":"post_tag","embeddable":true,"href":"https:\/\/sven-ove.nu\/index.php?rest_route=%2Fwp%2Fv2%2Ftags&post=4374"}],"curies":[{"name":"wp","href":"https:\/\/api.w.org\/{rel}","templated":true}]}}