{"id":4433,"date":"2013-01-15T04:00:50","date_gmt":"2013-01-15T03:00:50","guid":{"rendered":"http:\/\/sven-ove.nu\/?p=4433"},"modified":"2013-01-14T23:12:27","modified_gmt":"2013-01-14T22:12:27","slug":"fortsatt-diskussion-om-ynkligheten-pa-natet","status":"publish","type":"post","link":"https:\/\/sven-ove.nu\/?p=4433","title":{"rendered":"Fortsatt diskussion om ynkligheten p\u00e5 n\u00e4tet"},"content":{"rendered":"<p><a href=\"https:\/\/sven-ove.nu\/wp-content\/uploads\/2013\/01\/N\u00e4ttroll.jpg\"><img loading=\"lazy\" decoding=\"async\" class=\"alignleft size-large wp-image-4434\" title=\"N\u00e4ttroll\" src=\"https:\/\/sven-ove.nu\/wp-content\/uploads\/2013\/01\/N\u00e4ttroll-1024x512.jpg\" alt=\"\" width=\"640\" height=\"320\" srcset=\"https:\/\/sven-ove.nu\/wp-content\/uploads\/2013\/01\/N\u00e4ttroll-1024x512.jpg 1024w, https:\/\/sven-ove.nu\/wp-content\/uploads\/2013\/01\/N\u00e4ttroll-300x150.jpg 300w, https:\/\/sven-ove.nu\/wp-content\/uploads\/2013\/01\/N\u00e4ttroll.jpg 1200w\" sizes=\"auto, (max-width: 640px) 100vw, 640px\" \/><\/a><\/p>\n<p>Jag beh\u00f6ver t\u00e4nka efter. Det tar tid ibland, s\u00e4rskilt n\u00e4r jag har ett trevligt arbete som tar tid om dagarna. Nu har jag t\u00e4nkt. H\u00e4r \u00e4r n\u00e5gra fortsatta kommentarer efter g\u00e5rdagens inl\u00e4gg om hatet p\u00e5 n\u00e4tet. Somliga h\u00f6ll med om min g\u00e5rdagstext men mothuggen var ocks\u00e5 kloka, tycker jag.<\/p>\n<p><strong>Mothugg ett: Det r\u00f6r sig om ett st\u00f6rre utanf\u00f6rskap.<br \/>\n<\/strong>Sant. N\u00e4thatarna \u00e4r inte misslyckade entrepren\u00f6rer allihop, det anv\u00e4nde jag bara som en bild, precis som uttrycket \u201d\u00f6-r\u00e5dens f\u00f6rlorare\u201d. Jag tror att det handlar om ett utanf\u00f6rskap som politiker och andra misslyckats med att l\u00f6sa. En stor del av f\u00f6rklaringen finns i segregation och arbetsl\u00f6shet, s\u00e4rskilt massarbetsl\u00f6sheten bland ungdomar.<\/p>\n<p>Samtidigt tror jag \u00e4nd\u00e5 att den ideologiska offensiv som startade med kampanjen \u201d<em>Satsa p\u00e5 dig sj\u00e4lv<\/em>\u201d n\u00e5gon g\u00e5ng p\u00e5 1980-talet har haft betydelse. Vi m\u00e4rker det n\u00e4r folk ska r\u00f6sta, n\u00e4r egoismen breder ut sig lite varstans p\u00e5 solidaritetens bekostnad och i det h\u00e4r fallet n\u00e4r Egoistens stygge kusin N\u00e4thataren tittar fram i kommentarsf\u00e4lten.<\/p>\n<p><strong>Mothugg tv\u00e5: Det \u00e4r m\u00e5nga som inte k\u00e4nner sig hemma i den s\u00e5 kallade PK-elitens v\u00e4lformulerade \u00e5sikter.<br \/>\n<\/strong>Sant det med. Fast \u00e4ven h\u00e4r tror jag att mycket beror p\u00e5 politik och ekonomi. Det \u00e4r inte i f\u00f6rsta hand sj\u00e4lva debatten som g\u00f6r att folk tycker sig utanf\u00f6r i samh\u00e4llet. Snarare tror jag det beror p\u00e5 att de inte k\u00e4nner sig beh\u00f6vda p\u00e5 arbetsmarknaden och s\u00e4kert ocks\u00e5 p\u00e5 att klyftorna \u00f6kat som de gjort de senaste trettio \u00e5ren.<\/p>\n<p>Uttrycket \u201dPK\u201d betyder \u201dpolitiskt korrekt\u201d. Det \u00e4r gammalt men f\u00f6ddes p\u00e5 nytt som ett h\u00f6gersk\u00e4llsord mot v\u00e4nstern. Personligen har jag aldrig st\u00f6tt p\u00e5 en enda m\u00e4nniska som inte s\u00e4ger det han menar, n\u00e4r han ska s\u00e4ga det han menar. Allts\u00e5: det finns ingen seri\u00f6s debatt\u00f6r p\u00e5 n\u00e5gondera kanten som inte f\u00f6rs\u00f6ker vara korrekt mot den politik han tror p\u00e5, n\u00e4r han ska f\u00f6ra en seri\u00f6s diskussion.<\/p>\n<p>D\u00e4rf\u00f6r \u00e4r jag g\u00e4rna politiskt korrekt. Politiskt inkorrekt verkar o\u00e4rligt mot sig sj\u00e4lv att f\u00f6rs\u00f6ka vara. F\u00f6r mig inneb\u00e4r PK ocks\u00e5 att respektera det som andra m\u00e4nniskor tror p\u00e5, det vill s\u00e4ga motsatsen till n\u00e4ttrollens s\u00e4tt att agera.<\/p>\n<p><strong>Mothugg tre: Jag ser en fara i ett elitistiskt samh\u00e4lle.<br \/>\n<\/strong>Absolut. Vi \u00e4r redan d\u00e4r. Det \u00e4r bara att r\u00e4kna p\u00e5 hur m\u00e5nga industriarbetarl\u00f6ner en toppdirekt\u00f6r i Sverige tj\u00e4nar per \u00e5r.<\/p>\n<p>LO har unders\u00f6kt saken. \u00c5r 1950 tj\u00e4nade den ekonomiska eliten lika mycket som 26 industriarbetare. \u00c5r 1980 var inkomsterna i ekonomieliten som l\u00e4gst, 9 industriarbetarl\u00f6ner i \u00e5rsl\u00f6n. Under denna period i b\u00f6rjan p\u00e5 1980-talet var inkomstspridningen l\u00e4gst i Sverige. \u00c5r 2010 fick de 50 unders\u00f6kta direkt\u00f6rerna en \u00e5rsinkomst p\u00e5 46 industriarbetarl\u00f6ner i snitt. Det motsvarar vad en industriarbetare f\u00e5r ihop i ett helt liv.<\/p>\n<p style=\"padding-left: 30px;\"><em>L\u00e4nk till LO-unders\u00f6kningen: <a href=\"http:\/\/www.lo.se\/home\/lo\/home.nsf\/unidView\/5F511D731C13C5DDC12579B3002CF5DB\/$file\/Makteliten2_2012.pdf\"><strong>Makteliten \u2013 kommer igen<\/strong>. En studie av inkomstutvecklingen f\u00f6r makteliten perioden 1950 till 2010.<\/a><\/em><\/p>\n<p><em> <\/em><\/p>\n<p><strong>Mothugg fyra: Det handlar v\u00e4l inte om ifall folk stavar d\u00e5ligt eller inte, det \u00e4r v\u00e4l den r\u00e5a tonen vi ska protestera mot?<br \/>\n<\/strong>Ja k\u00e4ra n\u00e5n. D\u00e4r vill jag sannerligen g\u00f6ra sj\u00e4lvkritik. \u201d<em>Helst ska du stava d\u00e5ligt<\/em>\u201d skrev jag i inl\u00e4gget i g\u00e5r. D\u00e4r trillade jag dit sj\u00e4lv. Naturligtvis \u00e4r inte det viktiga hur du stavar, det \u00e4r ju inte det jag vill \u00e5t \u2013 utan hatet och of\u00f6rsk\u00e4mdheten i kommentarsf\u00e4lten och p\u00e5 hatarsajterna. Hemingway var dyslektiker men inte var han n\u00e5got fegt och anonymt n\u00e4ttroll.<\/p>\n<p>Stava hur du vill, men skriv med respekt.<\/p>\n<p style=\"padding-left: 30px;\">*<\/p>\n<p><strong>F\u00f6rf\u00e4rliga angrepp p\u00e5 skrivande kvinnor<br \/>\n<\/strong>Ynkligast \u00e4r n\u00e4ttrollen mot en del kvinnor som skriver bra. Vissa av de angreppen \u00e4r s\u00e5 skamliga att varenda skrivande, l\u00e4sande och t\u00e4nkande svensk borde resa sig och protestera.<\/p>\n<p>Vet du inte vad jag menar, s\u00e5 l\u00e4s artiklarna jag l\u00e4nkar till h\u00e4r nedan. Jag beg\u00e4r inte att du alltid ska h\u00e5lla med <strong>Katarina Mazetti<\/strong> och <strong>\u00c5sa Linderborg<\/strong> om deras \u00e5sikter, \u00e4ven om jag sj\u00e4lv r\u00e4tt ofta g\u00f6r det. Men jag tycker f\u00f6rbanke mig att var och en som kallar sig demokrat ska ta avst\u00e5nd fr\u00e5n n\u00e4thatarnas kampanjer, n\u00e4r de f\u00e5r en medm\u00e4nniska att flytta hemifr\u00e5n med sitt barn och en medm\u00e4nniska p\u00e5 68 att ligga s\u00f6mnl\u00f6s efter att de dunkat mitt i natten p\u00e5 hennes hus.<\/p>\n<p>Det sista bevisar visserligen att kulturen \u00e4r en m\u00e4ktig kraft, som f\u00f6rm\u00e5r hota de grumligaste politiska r\u00f6relser. Men det bevisar ocks\u00e5 n\u00e5got mer.<\/p>\n<p>Tack f\u00f6r b\u00e5de medh\u00e5ll och mothugg i g\u00e5r, v\u00e4nner. Det \u00e4r s\u00e5 ett n\u00e4tsamtal ska se ut bland civiliserat folk.<\/p>\n<p style=\"padding-left: 30px;\"><em>L\u00e4nk till \u00c5sa Linderborgs artikel: <a href=\"http:\/\/www.aftonbladet.se\/kultur\/article15960057.ab\">F\u00f6rf\u00f6ljd av hatet<br \/>\n<\/a><\/em><em>L\u00e4nk till Katarina Mazettis artikel: <a href=\"http:\/\/www.vk.se\/774683\/nu-har-jag-val-lyckats-reta-bada-sidor-men-ring-mig-inte-jag-har-skaffat-visselpipa-igen\">Nu har jag v\u00e4l lyckats reta b\u00e5da sidor, men ring mig inte \u2013 jag har skaffat visselpipa igen!<\/a><\/em><\/p>\n","protected":false},"excerpt":{"rendered":"<p>Jag beh\u00f6ver t\u00e4nka efter. Det tar tid ibland, s\u00e4rskilt n\u00e4r jag har ett trevligt arbete som tar tid om dagarna. Nu har jag t\u00e4nkt. H\u00e4r \u00e4r n\u00e5gra fortsatta kommentarer efter g\u00e5rdagens inl\u00e4gg om hatet p\u00e5 n\u00e4tet. Somliga h\u00f6ll med om min g\u00e5rdagstext men mothuggen var ocks\u00e5 kloka, tycker jag. Mothugg ett: Det r\u00f6r sig om &hellip; <a href=\"https:\/\/sven-ove.nu\/?p=4433\" class=\"more-link\">Forts\u00e4tt l\u00e4sa <span class=\"screen-reader-text\">Fortsatt diskussion om ynkligheten p\u00e5 n\u00e4tet<\/span><\/a><\/p>\n","protected":false},"author":1,"featured_media":0,"comment_status":"open","ping_status":"open","sticky":false,"template":"","format":"standard","meta":{"_crdt_document":"","_monsterinsights_skip_tracking":false,"_monsterinsights_sitenote_active":false,"_monsterinsights_sitenote_note":"","_monsterinsights_sitenote_category":0,"footnotes":""},"categories":[9,4],"tags":[16,15,17],"class_list":["post-4433","post","type-post","status-publish","format-standard","hentry","category-politik","category-skrivande","tag-dumheter","tag-mediedjungeln","tag-solidaritet"],"_links":{"self":[{"href":"https:\/\/sven-ove.nu\/index.php?rest_route=\/wp\/v2\/posts\/4433","targetHints":{"allow":["GET"]}}],"collection":[{"href":"https:\/\/sven-ove.nu\/index.php?rest_route=\/wp\/v2\/posts"}],"about":[{"href":"https:\/\/sven-ove.nu\/index.php?rest_route=\/wp\/v2\/types\/post"}],"author":[{"embeddable":true,"href":"https:\/\/sven-ove.nu\/index.php?rest_route=\/wp\/v2\/users\/1"}],"replies":[{"embeddable":true,"href":"https:\/\/sven-ove.nu\/index.php?rest_route=%2Fwp%2Fv2%2Fcomments&post=4433"}],"version-history":[{"count":10,"href":"https:\/\/sven-ove.nu\/index.php?rest_route=\/wp\/v2\/posts\/4433\/revisions"}],"predecessor-version":[{"id":4444,"href":"https:\/\/sven-ove.nu\/index.php?rest_route=\/wp\/v2\/posts\/4433\/revisions\/4444"}],"wp:attachment":[{"href":"https:\/\/sven-ove.nu\/index.php?rest_route=%2Fwp%2Fv2%2Fmedia&parent=4433"}],"wp:term":[{"taxonomy":"category","embeddable":true,"href":"https:\/\/sven-ove.nu\/index.php?rest_route=%2Fwp%2Fv2%2Fcategories&post=4433"},{"taxonomy":"post_tag","embeddable":true,"href":"https:\/\/sven-ove.nu\/index.php?rest_route=%2Fwp%2Fv2%2Ftags&post=4433"}],"curies":[{"name":"wp","href":"https:\/\/api.w.org\/{rel}","templated":true}]}}