{"id":4445,"date":"2013-01-16T04:00:02","date_gmt":"2013-01-16T03:00:02","guid":{"rendered":"http:\/\/sven-ove.nu\/?p=4445"},"modified":"2013-01-15T22:40:11","modified_gmt":"2013-01-15T21:40:11","slug":"malet-var-att-bli-facklig-reporter","status":"publish","type":"post","link":"https:\/\/sven-ove.nu\/?p=4445","title":{"rendered":"M\u00e5let var att bli facklig reporter"},"content":{"rendered":"<p>N\u00e4r jag var ung och jobbade p\u00e5 s\u00e5gen var skrivkl\u00e5dan uppt\u00e4ckt f\u00f6r l\u00e4nge sedan. M\u00e5let var att bli facklig reporter. Det var bland annat d\u00e4rf\u00f6r jag gick bland de \u00e4lskade s\u00e5gverksgubbarna, k\u00e4ftade, skrattade och l\u00e4rde mig kroppsarbetets villkor. N\u00e5gra \u00e5r efter journalisth\u00f6gskolan gick jag en ett\u00e5rig facklig-politisk kurs p\u00e5 folkh\u00f6gskola, bara f\u00f6r att l\u00e4ra mig de nya lagarna mbl, las och vad de hette.<\/p>\n<p>Efter\u00e5t ville ingen redaktion anst\u00e4lla mig p\u00e5 den posten i alla fall. I dag finns det knappast n\u00e5gra fackliga reportrar. N\u00e5, jag skrev mer fackligt \u00e4n de flesta \u00e4nd\u00e5, men det ska jag ber\u00e4tta en annan g\u00e5ng.<\/p>\n<p><strong><a href=\"https:\/\/sven-ove.nu\/wp-content\/uploads\/2013\/01\/Arbete.jpg\"><img loading=\"lazy\" decoding=\"async\" class=\"alignright size-medium wp-image-4446\" title=\"Arbete\" src=\"https:\/\/sven-ove.nu\/wp-content\/uploads\/2013\/01\/Arbete-179x300.jpg\" alt=\"\" width=\"179\" height=\"300\" srcset=\"https:\/\/sven-ove.nu\/wp-content\/uploads\/2013\/01\/Arbete-179x300.jpg 179w, https:\/\/sven-ove.nu\/wp-content\/uploads\/2013\/01\/Arbete-613x1024.jpg 613w, https:\/\/sven-ove.nu\/wp-content\/uploads\/2013\/01\/Arbete.jpg 1552w\" sizes=\"auto, (max-width: 179px) 100vw, 179px\" \/><\/a>Fler arbetsl\u00f6sa \u00e4n forshagabor<br \/>\n<\/strong>Allt detta, bara f\u00f6r att f\u00f6resl\u00e5 att du l\u00e4ser en artikel. Den st\u00e5r p\u00e5 V\u00e4rmlands Folkblads debattsida den 15 januari och \u00e4r skriven av sex f\u00f6rtroendevalda fr\u00e5n facket. <em>\u201dTror regeringen att det blir fler jobb om den arbetsl\u00f6se \u00e4r fattigare?\u201d<\/em> fr\u00e5gar de.<\/p>\n<p>I dag finns det fler v\u00e4rml\u00e4nningar i arbetsl\u00f6shet eller aktivitetsst\u00f6d \u00e4n det bor folk i min kommun.<\/p>\n<p><em>\u201dL\u00e5t oss komma ih\u00e5g vad regeringen Reinfeldt gjorde n\u00e4r de kom till makten: F\u00f6rst h\u00f6jde de avgiften till a-kassan, sedan f\u00f6rs\u00e4mrades reglerna och slutligen s\u00e4nktes ers\u00e4ttningen f\u00f6r de arbetsl\u00f6sa. I dag f\u00e5r endast var tionde arbetsl\u00f6s 80 procent av l\u00f6nen i a-kassa.\u201d<\/em><\/p>\n<p style=\"padding-left: 60px;\"><strong><em>L\u00e4nk till artikeln p\u00e5 VF.se<\/em><\/strong><em>:<br \/>\n<strong><a href=\"http:\/\/www.vf.se\/asikter\/debatt\/regeringen-vill-ha-ett-tydligare-klassamhalle\">Regeringen vill ha ett tydligare klassamh\u00e4lle<br \/>\n<\/a><\/strong><\/em><em> <\/em><\/p>\n<p style=\"padding-left: 60px;\">&nbsp;<\/p>\n<p style=\"padding-left: 60px;\"><em>Tv\u00e5 l\u00e4nkar om n\u00e4that, aprop\u00e5 tidigare dagars inl\u00e4gg:<br \/>\n<\/em><em>DN.se: <a href=\"http:\/\/www.dn.se\/nyheter\/vetenskap\/ogonkontakt-minskar-nathat\">\u00d6gonkontakt minskar n\u00e4that<br \/>\n<\/a><\/em><em>DN.se: <a href=\"http:\/\/www.dn.se\/nyheter\/sverige\/krav-pa-hardare-lagar-mot-nathat\">Krav p\u00e5 h\u00e5rdare lagar mot n\u00e4that<\/a><\/em><\/p>\n<p style=\"padding-left: 30px;\"><em><br \/>\n<\/em><\/p>\n","protected":false},"excerpt":{"rendered":"<p>N\u00e4r jag var ung och jobbade p\u00e5 s\u00e5gen var skrivkl\u00e5dan uppt\u00e4ckt f\u00f6r l\u00e4nge sedan. M\u00e5let var att bli facklig reporter. Det var bland annat d\u00e4rf\u00f6r jag gick bland de \u00e4lskade s\u00e5gverksgubbarna, k\u00e4ftade, skrattade och l\u00e4rde mig kroppsarbetets villkor. N\u00e5gra \u00e5r efter journalisth\u00f6gskolan gick jag en ett\u00e5rig facklig-politisk kurs p\u00e5 folkh\u00f6gskola, bara f\u00f6r att l\u00e4ra mig &hellip; <a href=\"https:\/\/sven-ove.nu\/?p=4445\" class=\"more-link\">Forts\u00e4tt l\u00e4sa <span class=\"screen-reader-text\">M\u00e5let var att bli facklig reporter<\/span><\/a><\/p>\n","protected":false},"author":1,"featured_media":0,"comment_status":"open","ping_status":"open","sticky":false,"template":"","format":"standard","meta":{"_crdt_document":"","_monsterinsights_skip_tracking":false,"_monsterinsights_sitenote_active":false,"_monsterinsights_sitenote_note":"","_monsterinsights_sitenote_category":0,"footnotes":""},"categories":[9,4],"tags":[3,16],"class_list":["post-4445","post","type-post","status-publish","format-standard","hentry","category-politik","category-skrivande","tag-arbete","tag-dumheter"],"_links":{"self":[{"href":"https:\/\/sven-ove.nu\/index.php?rest_route=\/wp\/v2\/posts\/4445","targetHints":{"allow":["GET"]}}],"collection":[{"href":"https:\/\/sven-ove.nu\/index.php?rest_route=\/wp\/v2\/posts"}],"about":[{"href":"https:\/\/sven-ove.nu\/index.php?rest_route=\/wp\/v2\/types\/post"}],"author":[{"embeddable":true,"href":"https:\/\/sven-ove.nu\/index.php?rest_route=\/wp\/v2\/users\/1"}],"replies":[{"embeddable":true,"href":"https:\/\/sven-ove.nu\/index.php?rest_route=%2Fwp%2Fv2%2Fcomments&post=4445"}],"version-history":[{"count":6,"href":"https:\/\/sven-ove.nu\/index.php?rest_route=\/wp\/v2\/posts\/4445\/revisions"}],"predecessor-version":[{"id":4466,"href":"https:\/\/sven-ove.nu\/index.php?rest_route=\/wp\/v2\/posts\/4445\/revisions\/4466"}],"wp:attachment":[{"href":"https:\/\/sven-ove.nu\/index.php?rest_route=%2Fwp%2Fv2%2Fmedia&parent=4445"}],"wp:term":[{"taxonomy":"category","embeddable":true,"href":"https:\/\/sven-ove.nu\/index.php?rest_route=%2Fwp%2Fv2%2Fcategories&post=4445"},{"taxonomy":"post_tag","embeddable":true,"href":"https:\/\/sven-ove.nu\/index.php?rest_route=%2Fwp%2Fv2%2Ftags&post=4445"}],"curies":[{"name":"wp","href":"https:\/\/api.w.org\/{rel}","templated":true}]}}