{"id":4572,"date":"2013-03-18T04:00:38","date_gmt":"2013-03-18T03:00:38","guid":{"rendered":"http:\/\/sven-ove.nu\/?p=4572"},"modified":"2013-03-09T18:04:34","modified_gmt":"2013-03-09T17:04:34","slug":"mina-asikter-skiljer-sig-at","status":"publish","type":"post","link":"https:\/\/sven-ove.nu\/?p=4572","title":{"rendered":"Mina \u00e5sikter skiljer sig \u00e5t"},"content":{"rendered":"<p>V\u00e5ra politiska \u00e5sikter skiljer sig \u00e5t, skriver en klok och trevlig medm\u00e4nniska i ett mejl. Ja. Det g\u00f6r mina egna ocks\u00e5:<\/p>\n<p style=\"padding-left: 30px;\"><em>Fler poliser. Starkt f\u00f6rsvar. H\u00e5rdare straff i vissa fall. Nej till k\u00e4rnkraft. Nej till svenskt medlemskap i Europeiska Unionen. Nej till EMU. Alla m\u00e4nniskor \u00e4r lika mycket v\u00e4rda. Antirasism. J\u00e4mst\u00e4lldhet mellan k\u00f6nen. Feminism. Hela Sverige ska leva. H\u00f6j ers\u00e4ttningarna i a-kassan igen men s\u00e4nk avgifterna. Minska klyftorna i Sverige. St\u00e4rk yttrandefriheten genom att h\u00f6ja presst\u00f6det, annars kommer vi snart att f\u00e5 en massd\u00f6d bland svenska papperstidningar. Demokratin beh\u00f6ver sina granskare. L\u00e4r alla svenskar hj\u00e4rt- och lungr\u00e4ddning, g\u00f6r det obligatoriskt \u00e4ven i k\u00f6rkortsundervisningen. Se till att karlstadsbor b\u00f6rjar blinka i rondeller. Bek\u00e4mpa imperialismen, vare sig den kommer fr\u00e5n v\u00e4st eller \u00f6st. Solidaritet. R\u00e4ttvisa. J\u00e4mlikhet. \u00c4t n\u00e4rproducerat. Krafttag mot klimathotet. <em>Radera inte v\u00e5r historia, bara f\u00f6r att vi har andra v\u00e4rderingar i dag. <\/em>H\u00f6gre l\u00f6n till v\u00e5ra l\u00e4rare. Storskratt underifr\u00e5n \u00e5t \u00f6verheten.<\/em><\/p>\n<p><a href=\"https:\/\/sven-ove.nu\/wp-content\/uploads\/2013\/03\/Orienteringskarta.jpg\"><img loading=\"lazy\" decoding=\"async\" class=\"alignright size-medium wp-image-4575\" title=\"Orienteringskarta\" src=\"https:\/\/sven-ove.nu\/wp-content\/uploads\/2013\/03\/Orienteringskarta-300x295.jpg\" alt=\"\" width=\"300\" height=\"295\" srcset=\"https:\/\/sven-ove.nu\/wp-content\/uploads\/2013\/03\/Orienteringskarta-300x295.jpg 300w, https:\/\/sven-ove.nu\/wp-content\/uploads\/2013\/03\/Orienteringskarta-1024x1008.jpg 1024w, https:\/\/sven-ove.nu\/wp-content\/uploads\/2013\/03\/Orienteringskarta.jpg 1392w\" sizes=\"auto, (max-width: 300px) 100vw, 300px\" \/><\/a>Som sagt, de skiljer sig \u00e5t mina \u00e5sikter. En del \u00e4r jag f\u00f6rv\u00e5nad sj\u00e4lv \u00f6ver. Varenda riksdagsval \u00e4r en kompromiss, d\u00e4r jag f\u00e5r f\u00f6rs\u00f6ka hitta minsta gemensamma n\u00e4mnaren bland valsedlarna, men s\u00e5 \u00e4r det ju f\u00f6r alla. Partier \u00e4r bara verktyg, inga sj\u00e4lv\u00e4ndam\u00e5l.<\/p>\n<p>Visst vet jag vilket politiskt parti som borde vara perfekt, men det \u00e4r det inte.\u00a0Tv\u00e5 stycken f\u00f6rresten.<\/p>\n<p>Det tredje? Nej, dom litar jag inte p\u00e5.<\/p>\n<p>&nbsp;<\/p>\n","protected":false},"excerpt":{"rendered":"<p>V\u00e5ra politiska \u00e5sikter skiljer sig \u00e5t, skriver en klok och trevlig medm\u00e4nniska i ett mejl. Ja. Det g\u00f6r mina egna ocks\u00e5: Fler poliser. Starkt f\u00f6rsvar. H\u00e5rdare straff i vissa fall. Nej till k\u00e4rnkraft. Nej till svenskt medlemskap i Europeiska Unionen. Nej till EMU. Alla m\u00e4nniskor \u00e4r lika mycket v\u00e4rda. Antirasism. J\u00e4mst\u00e4lldhet mellan k\u00f6nen. Feminism. Hela &hellip; <a href=\"https:\/\/sven-ove.nu\/?p=4572\" class=\"more-link\">Forts\u00e4tt l\u00e4sa <span class=\"screen-reader-text\">Mina \u00e5sikter skiljer sig \u00e5t<\/span><\/a><\/p>\n","protected":false},"author":1,"featured_media":0,"comment_status":"open","ping_status":"open","sticky":false,"template":"","format":"standard","meta":{"_crdt_document":"","_monsterinsights_skip_tracking":false,"_monsterinsights_sitenote_active":false,"_monsterinsights_sitenote_note":"","_monsterinsights_sitenote_category":0,"footnotes":""},"categories":[9],"tags":[3,21],"class_list":["post-4572","post","type-post","status-publish","format-standard","hentry","category-politik","tag-arbete","tag-ord"],"_links":{"self":[{"href":"https:\/\/sven-ove.nu\/index.php?rest_route=\/wp\/v2\/posts\/4572","targetHints":{"allow":["GET"]}}],"collection":[{"href":"https:\/\/sven-ove.nu\/index.php?rest_route=\/wp\/v2\/posts"}],"about":[{"href":"https:\/\/sven-ove.nu\/index.php?rest_route=\/wp\/v2\/types\/post"}],"author":[{"embeddable":true,"href":"https:\/\/sven-ove.nu\/index.php?rest_route=\/wp\/v2\/users\/1"}],"replies":[{"embeddable":true,"href":"https:\/\/sven-ove.nu\/index.php?rest_route=%2Fwp%2Fv2%2Fcomments&post=4572"}],"version-history":[{"count":7,"href":"https:\/\/sven-ove.nu\/index.php?rest_route=\/wp\/v2\/posts\/4572\/revisions"}],"predecessor-version":[{"id":5177,"href":"https:\/\/sven-ove.nu\/index.php?rest_route=\/wp\/v2\/posts\/4572\/revisions\/5177"}],"wp:attachment":[{"href":"https:\/\/sven-ove.nu\/index.php?rest_route=%2Fwp%2Fv2%2Fmedia&parent=4572"}],"wp:term":[{"taxonomy":"category","embeddable":true,"href":"https:\/\/sven-ove.nu\/index.php?rest_route=%2Fwp%2Fv2%2Fcategories&post=4572"},{"taxonomy":"post_tag","embeddable":true,"href":"https:\/\/sven-ove.nu\/index.php?rest_route=%2Fwp%2Fv2%2Ftags&post=4572"}],"curies":[{"name":"wp","href":"https:\/\/api.w.org\/{rel}","templated":true}]}}