{"id":4586,"date":"2013-03-20T04:00:37","date_gmt":"2013-03-20T03:00:37","guid":{"rendered":"http:\/\/sven-ove.nu\/?p=4586"},"modified":"2013-03-01T17:16:57","modified_gmt":"2013-03-01T16:16:57","slug":"hon-kanske-surfar-hon","status":"publish","type":"post","link":"https:\/\/sven-ove.nu\/?p=4586","title":{"rendered":"Hon kanske surfar, hon &#8230;"},"content":{"rendered":"<p><strong> <\/strong><\/p>\n<p><em>&#8211; Det kanske \u00e4r b\u00e4ttre om hon \u00e4r med och har synpunkter p\u00e5 hur den nya webbplatsen ska se ut\u2026<\/em> sa den unge, duktige konsulten och pekade p\u00e5 min 28-\u00e5riga kollega.<br \/>\n<em>&#8211; Inte mig emot<\/em>, sa jag, <em>men hur t\u00e4nker du?<br \/>\n&#8211; Ja, hrrm, hon kanske surfar mer \u00e4n du\u2026<\/em><\/p>\n<p>Han sa inte \u201dgamle man\u201d men han t\u00e4nkte det. Sj\u00e4lv t\u00e4nkte jag att jag har surfat sex timmar om dagen minst, sedan du gick i kortbyxor och kardborreskor, g\u00f4sse. Nej mer, de flesta dagar. Mycket mer m\u00e5nga dagar.<\/p>\n<p>Min kvinnliga kollega r\u00e4ddade situationen. Hon surfar v\u00e4ldigt lite, ber\u00e4ttade hon.<br \/>\n<em>&#8211; Men han g\u00f6r\u2019t\u2026<\/em> sa hon, pekade p\u00e5 mig och s\u00e5g full i skratt ut, f\u00f6r hon visste ju.<\/p>\n<p><strong><a href=\"https:\/\/www.iis.se\/docs\/SOI2012.pdf\" target=\"_blank\"><img loading=\"lazy\" decoding=\"async\" class=\"alignright size-thumbnail wp-image-4589\" title=\"Magistern kopia\" src=\"https:\/\/sven-ove.nu\/wp-content\/uploads\/2013\/03\/Magistern-kopia-150x150.jpg\" alt=\"\" width=\"150\" height=\"150\" \/><\/a>Vet inte vad en konk \u00e4r<br \/>\n<\/strong>En annan g\u00e5ng var det n\u00e5gon som skr\u00f6t \u00f6ver mig f\u00f6r att jag var ovanlig f\u00f6r min \u00e5lder som fanns p\u00e5 facebook. Det var ju trevligt. Just d\u00e5 exploderade fb i \u00e5ldersgruppen \u00f6ver 55 \u00e5r.<\/p>\n<p>Fast jag har ju mina f\u00f6rdomar om kidsen, i geng\u00e4ld. Dom vet inte vad en <em><a href=\"http:\/\/www.sattaren.se\/index.php?page=ordlista\">konk<\/a><\/em> \u00e4r, en <em>saxad rubrik<\/em> eller <em>gyllene snittet<\/em>. Eller <em>cozaar forte comp<\/em>. Stackarna.<\/p>\n<p>Eller ocks\u00e5 vet de mycket v\u00e4l. De \u00e4r luriga de d\u00e4r.<\/p>\n","protected":false},"excerpt":{"rendered":"<p>&#8211; Det kanske \u00e4r b\u00e4ttre om hon \u00e4r med och har synpunkter p\u00e5 hur den nya webbplatsen ska se ut\u2026 sa den unge, duktige konsulten och pekade p\u00e5 min 28-\u00e5riga kollega. &#8211; Inte mig emot, sa jag, men hur t\u00e4nker du? &#8211; Ja, hrrm, hon kanske surfar mer \u00e4n du\u2026 Han sa inte \u201dgamle man\u201d &hellip; <a href=\"https:\/\/sven-ove.nu\/?p=4586\" class=\"more-link\">Forts\u00e4tt l\u00e4sa <span class=\"screen-reader-text\">Hon kanske surfar, hon &#8230;<\/span><\/a><\/p>\n","protected":false},"author":1,"featured_media":0,"comment_status":"open","ping_status":"open","sticky":false,"template":"","format":"standard","meta":{"_crdt_document":"","_monsterinsights_skip_tracking":false,"_monsterinsights_sitenote_active":false,"_monsterinsights_sitenote_note":"","_monsterinsights_sitenote_category":0,"footnotes":""},"categories":[4],"tags":[15],"class_list":["post-4586","post","type-post","status-publish","format-standard","hentry","category-skrivande","tag-mediedjungeln"],"_links":{"self":[{"href":"https:\/\/sven-ove.nu\/index.php?rest_route=\/wp\/v2\/posts\/4586","targetHints":{"allow":["GET"]}}],"collection":[{"href":"https:\/\/sven-ove.nu\/index.php?rest_route=\/wp\/v2\/posts"}],"about":[{"href":"https:\/\/sven-ove.nu\/index.php?rest_route=\/wp\/v2\/types\/post"}],"author":[{"embeddable":true,"href":"https:\/\/sven-ove.nu\/index.php?rest_route=\/wp\/v2\/users\/1"}],"replies":[{"embeddable":true,"href":"https:\/\/sven-ove.nu\/index.php?rest_route=%2Fwp%2Fv2%2Fcomments&post=4586"}],"version-history":[{"count":6,"href":"https:\/\/sven-ove.nu\/index.php?rest_route=\/wp\/v2\/posts\/4586\/revisions"}],"predecessor-version":[{"id":4588,"href":"https:\/\/sven-ove.nu\/index.php?rest_route=\/wp\/v2\/posts\/4586\/revisions\/4588"}],"wp:attachment":[{"href":"https:\/\/sven-ove.nu\/index.php?rest_route=%2Fwp%2Fv2%2Fmedia&parent=4586"}],"wp:term":[{"taxonomy":"category","embeddable":true,"href":"https:\/\/sven-ove.nu\/index.php?rest_route=%2Fwp%2Fv2%2Fcategories&post=4586"},{"taxonomy":"post_tag","embeddable":true,"href":"https:\/\/sven-ove.nu\/index.php?rest_route=%2Fwp%2Fv2%2Ftags&post=4586"}],"curies":[{"name":"wp","href":"https:\/\/api.w.org\/{rel}","templated":true}]}}