{"id":4628,"date":"2013-02-05T04:00:52","date_gmt":"2013-02-05T03:00:52","guid":{"rendered":"http:\/\/sven-ove.nu\/?p=4628"},"modified":"2013-02-04T17:10:27","modified_gmt":"2013-02-04T16:10:27","slug":"de-varsta-barkborrarna","status":"publish","type":"post","link":"https:\/\/sven-ove.nu\/?p=4628","title":{"rendered":"De v\u00e4rsta barkborrarna"},"content":{"rendered":"<p>Di v\u00e4rste barkb\u00f4rrera, di setter att i Kallsta di, skrev Stig Berg ett \u00e5r n\u00e4r <em>ips<\/em> <em>typographus<\/em> var ett stort problem i norra V\u00e4rmland. Det var sant d\u00e5 och det \u00e4r sant nu. De v\u00e4rsta hittar alltid till maten.<\/p>\n<p><a href=\"https:\/\/sven-ove.nu\/wp-content\/uploads\/2013\/02\/H\u00e5llplatser.png\"><img loading=\"lazy\" decoding=\"async\" class=\"alignleft size-full wp-image-4629\" title=\"H\u00e5llplatser\" src=\"https:\/\/sven-ove.nu\/wp-content\/uploads\/2013\/02\/H\u00e5llplatser.png\" alt=\"\" width=\"215\" height=\"216\" srcset=\"https:\/\/sven-ove.nu\/wp-content\/uploads\/2013\/02\/H\u00e5llplatser.png 215w, https:\/\/sven-ove.nu\/wp-content\/uploads\/2013\/02\/H\u00e5llplatser-150x150.png 150w\" sizes=\"auto, (max-width: 215px) 100vw, 215px\" \/><\/a>Vad m\u00e5nga i provinsens ytterkanter inte t\u00e4nker p\u00e5, \u00e4r att \u00e4ven Karlstad har sin glesbygd. En dag klickar jag fram <a href=\"http:\/\/kartor.eniro.se\/m\/nJ1MU\" target=\"_blank\">eniros karta<\/a>.\u00a0\u00a0Strax nordost om residensstaden dyker det upp ett tomt omr\u00e5de. Samma sak n\u00e4r jag klickar fram <a href=\"https:\/\/www.google.com\/fusiontables\/embedviz?viz=MAP&amp;q=select+col3+from+1MSnvf8TyUai29Ja3PzIsq3uvLwREoU6p1NT2aPs&amp;h=false&amp;lat=60.00015165341162&amp;lng=13.045154265750062&amp;z=7&amp;t=1&amp;l=col3&amp;y=2&amp;tmplt=2\">SVT:s nya karta<\/a> \u00f6ver anl\u00e4ggningar i landet som f\u00f6rst\u00f6rt milj\u00f6n genom \u00e5ren. Stort tomt omr\u00e5de nordost om Karlstad.<\/p>\n<p>D\u00e4r, i \u00f6stra Nyed ovanf\u00f6r norra V\u00e4se, \u00e4r jag uppv\u00e4xt. Bussen vi hade var mj\u00f6lkbilen, bredare var inte grusv\u00e4garna och byarna. Pappersbruk, s\u00e5gverk och gruvor som skulle bli milj\u00f6faror hade vi inte p\u00e5 vykort ens. Inte i v\u00e5r bygd.<\/p>\n<p style=\"padding-left: 30px;\"><a href=\"https:\/\/sven-ove.nu\/wp-content\/uploads\/2013\/02\/Milj\u00f6faror1.png\"><img loading=\"lazy\" decoding=\"async\" class=\"alignright size-thumbnail wp-image-4633\" title=\"Milj\u00f6faror\" src=\"https:\/\/sven-ove.nu\/wp-content\/uploads\/2013\/02\/Milj\u00f6faror1-150x150.png\" alt=\"\" width=\"150\" height=\"150\" \/><\/a><strong>Stort glest h\u00e5l l\u00e5ngt nere i syd p\u00e5 V\u00e4rmlandskartan, fast nordv\u00e4rml\u00e4nningarna inte vill tro det. I dag har mina forna grannar 17 kilometer till aff\u00e4ren men varg och korp fick de tidigt.<\/strong><\/p>\n<p style=\"padding-left: 30px;\"><strong>Fyra mil fr\u00e5n di v\u00e4rste barkb\u00f4rrera.<\/strong><\/p>\n<p style=\"padding-left: 30px; text-align: right;\"><em>Milj\u00f6faror &#8211; fr\u00e5n SVT:s sajt <a href=\"http:\/\/pejl.svt.se\/miljo\/fororenade-platser\/\" target=\"_blank\">Milj\u00f6pejl<\/a>.<\/em><\/p>\n","protected":false},"excerpt":{"rendered":"<p>Di v\u00e4rste barkb\u00f4rrera, di setter att i Kallsta di, skrev Stig Berg ett \u00e5r n\u00e4r ips typographus var ett stort problem i norra V\u00e4rmland. Det var sant d\u00e5 och det \u00e4r sant nu. De v\u00e4rsta hittar alltid till maten. Vad m\u00e5nga i provinsens ytterkanter inte t\u00e4nker p\u00e5, \u00e4r att \u00e4ven Karlstad har sin glesbygd. En &hellip; <a href=\"https:\/\/sven-ove.nu\/?p=4628\" class=\"more-link\">Forts\u00e4tt l\u00e4sa <span class=\"screen-reader-text\">De v\u00e4rsta barkborrarna<\/span><\/a><\/p>\n","protected":false},"author":1,"featured_media":0,"comment_status":"open","ping_status":"open","sticky":false,"template":"","format":"standard","meta":{"_crdt_document":"","_monsterinsights_skip_tracking":false,"_monsterinsights_sitenote_active":false,"_monsterinsights_sitenote_note":"","_monsterinsights_sitenote_category":0,"footnotes":""},"categories":[10],"tags":[8,25,18],"class_list":["post-4628","post","type-post","status-publish","format-standard","hentry","category-familjen","tag-historia","tag-kartan","tag-lardomar"],"_links":{"self":[{"href":"https:\/\/sven-ove.nu\/index.php?rest_route=\/wp\/v2\/posts\/4628","targetHints":{"allow":["GET"]}}],"collection":[{"href":"https:\/\/sven-ove.nu\/index.php?rest_route=\/wp\/v2\/posts"}],"about":[{"href":"https:\/\/sven-ove.nu\/index.php?rest_route=\/wp\/v2\/types\/post"}],"author":[{"embeddable":true,"href":"https:\/\/sven-ove.nu\/index.php?rest_route=\/wp\/v2\/users\/1"}],"replies":[{"embeddable":true,"href":"https:\/\/sven-ove.nu\/index.php?rest_route=%2Fwp%2Fv2%2Fcomments&post=4628"}],"version-history":[{"count":11,"href":"https:\/\/sven-ove.nu\/index.php?rest_route=\/wp\/v2\/posts\/4628\/revisions"}],"predecessor-version":[{"id":4632,"href":"https:\/\/sven-ove.nu\/index.php?rest_route=\/wp\/v2\/posts\/4628\/revisions\/4632"}],"wp:attachment":[{"href":"https:\/\/sven-ove.nu\/index.php?rest_route=%2Fwp%2Fv2%2Fmedia&parent=4628"}],"wp:term":[{"taxonomy":"category","embeddable":true,"href":"https:\/\/sven-ove.nu\/index.php?rest_route=%2Fwp%2Fv2%2Fcategories&post=4628"},{"taxonomy":"post_tag","embeddable":true,"href":"https:\/\/sven-ove.nu\/index.php?rest_route=%2Fwp%2Fv2%2Ftags&post=4628"}],"curies":[{"name":"wp","href":"https:\/\/api.w.org\/{rel}","templated":true}]}}