{"id":4755,"date":"2013-02-15T04:00:21","date_gmt":"2013-02-15T03:00:21","guid":{"rendered":"http:\/\/sven-ove.nu\/?p=4755"},"modified":"2013-02-11T17:55:59","modified_gmt":"2013-02-11T16:55:59","slug":"om-gronfinkars-utseende","status":"publish","type":"post","link":"https:\/\/sven-ove.nu\/?p=4755","title":{"rendered":"Om gr\u00f6nfinkars utseende"},"content":{"rendered":"<p><a href=\"https:\/\/sven-ove.nu\/wp-content\/uploads\/2013\/02\/Gr\u00f6nfink.jpg\"><img loading=\"lazy\" decoding=\"async\" class=\"alignright size-thumbnail wp-image-4756\" title=\"Gr\u00f6nfink\" src=\"https:\/\/sven-ove.nu\/wp-content\/uploads\/2013\/02\/Gr\u00f6nfink-150x150.jpg\" alt=\"\" width=\"150\" height=\"150\" \/><\/a>Ibland, n\u00e4r jag t\u00e4nker p\u00e5 centerpartiet, f\u00e5r jag samma association som vid v\u00e5rt f\u00e5gelbord:<\/p>\n<p>&#8211; F\u00e5r en <em>gr\u00f6nfink<\/em> se ut hur som helst?<\/p>\n<p>I finkens fall st\u00e4mmer det. H\u00e4r p\u00e5 tomten har vi dem i m\u00e5nga kul\u00f6rer, fr\u00e5n knallgr\u00f6nt till aaaaningen brunt och dessemellan nyliberalt sm\u00e5tt m\u00f6rkgr\u00e5tt.<\/p>\n<p>Svenska gr\u00f6nfinkar l\u00e4r ha drabbats av en sjuka fr\u00e5n Brittiska \u00f6arna och lokala best\u00e5nd \u00e4r helt utslagna. Det t\u00e4nker jag ocks\u00e5 p\u00e5 ibland.<\/p>\n<p>Om gr\u00f6nfinkar.<\/p>\n","protected":false},"excerpt":{"rendered":"<p>Ibland, n\u00e4r jag t\u00e4nker p\u00e5 centerpartiet, f\u00e5r jag samma association som vid v\u00e5rt f\u00e5gelbord: &#8211; F\u00e5r en gr\u00f6nfink se ut hur som helst? I finkens fall st\u00e4mmer det. H\u00e4r p\u00e5 tomten har vi dem i m\u00e5nga kul\u00f6rer, fr\u00e5n knallgr\u00f6nt till aaaaningen brunt och dessemellan nyliberalt sm\u00e5tt m\u00f6rkgr\u00e5tt. Svenska gr\u00f6nfinkar l\u00e4r ha drabbats av en sjuka &hellip; <a href=\"https:\/\/sven-ove.nu\/?p=4755\" class=\"more-link\">Forts\u00e4tt l\u00e4sa <span class=\"screen-reader-text\">Om gr\u00f6nfinkars utseende<\/span><\/a><\/p>\n","protected":false},"author":1,"featured_media":0,"comment_status":"open","ping_status":"open","sticky":false,"template":"","format":"standard","meta":{"_crdt_document":"","_monsterinsights_skip_tracking":false,"_monsterinsights_sitenote_active":false,"_monsterinsights_sitenote_note":"","_monsterinsights_sitenote_category":0,"footnotes":""},"categories":[6,9],"tags":[18],"class_list":["post-4755","post","type-post","status-publish","format-standard","hentry","category-natur","category-politik","tag-lardomar"],"_links":{"self":[{"href":"https:\/\/sven-ove.nu\/index.php?rest_route=\/wp\/v2\/posts\/4755","targetHints":{"allow":["GET"]}}],"collection":[{"href":"https:\/\/sven-ove.nu\/index.php?rest_route=\/wp\/v2\/posts"}],"about":[{"href":"https:\/\/sven-ove.nu\/index.php?rest_route=\/wp\/v2\/types\/post"}],"author":[{"embeddable":true,"href":"https:\/\/sven-ove.nu\/index.php?rest_route=\/wp\/v2\/users\/1"}],"replies":[{"embeddable":true,"href":"https:\/\/sven-ove.nu\/index.php?rest_route=%2Fwp%2Fv2%2Fcomments&post=4755"}],"version-history":[{"count":5,"href":"https:\/\/sven-ove.nu\/index.php?rest_route=\/wp\/v2\/posts\/4755\/revisions"}],"predecessor-version":[{"id":4758,"href":"https:\/\/sven-ove.nu\/index.php?rest_route=\/wp\/v2\/posts\/4755\/revisions\/4758"}],"wp:attachment":[{"href":"https:\/\/sven-ove.nu\/index.php?rest_route=%2Fwp%2Fv2%2Fmedia&parent=4755"}],"wp:term":[{"taxonomy":"category","embeddable":true,"href":"https:\/\/sven-ove.nu\/index.php?rest_route=%2Fwp%2Fv2%2Fcategories&post=4755"},{"taxonomy":"post_tag","embeddable":true,"href":"https:\/\/sven-ove.nu\/index.php?rest_route=%2Fwp%2Fv2%2Ftags&post=4755"}],"curies":[{"name":"wp","href":"https:\/\/api.w.org\/{rel}","templated":true}]}}