{"id":4781,"date":"2013-02-12T04:00:58","date_gmt":"2013-02-12T03:00:58","guid":{"rendered":"http:\/\/sven-ove.nu\/?p=4781"},"modified":"2013-02-11T00:01:50","modified_gmt":"2013-02-10T23:01:50","slug":"prisa-bagarn","status":"publish","type":"post","link":"https:\/\/sven-ove.nu\/?p=4781","title":{"rendered":"Prisa bagarn!"},"content":{"rendered":"<p><a href=\"https:\/\/sven-ove.nu\/wp-content\/uploads\/2013\/02\/Fundament.jpg\"><img loading=\"lazy\" decoding=\"async\" class=\"alignleft size-medium wp-image-4782\" title=\"Fundament\" src=\"https:\/\/sven-ove.nu\/wp-content\/uploads\/2013\/02\/Fundament-300x136.jpg\" alt=\"\" width=\"300\" height=\"136\" srcset=\"https:\/\/sven-ove.nu\/wp-content\/uploads\/2013\/02\/Fundament-300x136.jpg 300w, https:\/\/sven-ove.nu\/wp-content\/uploads\/2013\/02\/Fundament.jpg 911w\" sizes=\"auto, (max-width: 300px) 100vw, 300px\" \/><\/a><\/p>\n<p>&nbsp;<\/p>\n<p>Moralist, demokratisk socialist, semmelfundamentalist. Det \u00e4r bara att konstatera att jag \u00e4r mycket som slutar p\u00e5 \u00a0\u2013ist. (Den som vill kan s\u00e4kert komma p\u00e5 minst en sak till, anv\u00e4nd rimlexikon, d\u00e4r kryllar det av dem). Men i dag \u00e4r det fettisdagen och d\u00e5 till\u00e5ter mig min moral, demokratiska gemensamhetssyn och fundamentalism att \u00e4ntligen \u00e4ta \u00e5rets f\u00f6rsta semla.<\/p>\n<p>Prisa bagarn.<br \/>\nH\u00e4r kommer mandelmasse\u00e5terb\u00e4ringen.<\/p>\n<p>&nbsp;<\/p>\n","protected":false},"excerpt":{"rendered":"<p>&nbsp; Moralist, demokratisk socialist, semmelfundamentalist. Det \u00e4r bara att konstatera att jag \u00e4r mycket som slutar p\u00e5 \u00a0\u2013ist. (Den som vill kan s\u00e4kert komma p\u00e5 minst en sak till, anv\u00e4nd rimlexikon, d\u00e4r kryllar det av dem). Men i dag \u00e4r det fettisdagen och d\u00e5 till\u00e5ter mig min moral, demokratiska gemensamhetssyn och fundamentalism att \u00e4ntligen \u00e4ta &hellip; <a href=\"https:\/\/sven-ove.nu\/?p=4781\" class=\"more-link\">Forts\u00e4tt l\u00e4sa <span class=\"screen-reader-text\">Prisa bagarn!<\/span><\/a><\/p>\n","protected":false},"author":1,"featured_media":0,"comment_status":"open","ping_status":"open","sticky":false,"template":"","format":"standard","meta":{"_crdt_document":"","_monsterinsights_skip_tracking":false,"_monsterinsights_sitenote_active":false,"_monsterinsights_sitenote_note":"","_monsterinsights_sitenote_category":0,"footnotes":""},"categories":[10],"tags":[8,24,20],"class_list":["post-4781","post","type-post","status-publish","format-standard","hentry","category-familjen","tag-historia","tag-karlek","tag-rad"],"_links":{"self":[{"href":"https:\/\/sven-ove.nu\/index.php?rest_route=\/wp\/v2\/posts\/4781","targetHints":{"allow":["GET"]}}],"collection":[{"href":"https:\/\/sven-ove.nu\/index.php?rest_route=\/wp\/v2\/posts"}],"about":[{"href":"https:\/\/sven-ove.nu\/index.php?rest_route=\/wp\/v2\/types\/post"}],"author":[{"embeddable":true,"href":"https:\/\/sven-ove.nu\/index.php?rest_route=\/wp\/v2\/users\/1"}],"replies":[{"embeddable":true,"href":"https:\/\/sven-ove.nu\/index.php?rest_route=%2Fwp%2Fv2%2Fcomments&post=4781"}],"version-history":[{"count":5,"href":"https:\/\/sven-ove.nu\/index.php?rest_route=\/wp\/v2\/posts\/4781\/revisions"}],"predecessor-version":[{"id":4784,"href":"https:\/\/sven-ove.nu\/index.php?rest_route=\/wp\/v2\/posts\/4781\/revisions\/4784"}],"wp:attachment":[{"href":"https:\/\/sven-ove.nu\/index.php?rest_route=%2Fwp%2Fv2%2Fmedia&parent=4781"}],"wp:term":[{"taxonomy":"category","embeddable":true,"href":"https:\/\/sven-ove.nu\/index.php?rest_route=%2Fwp%2Fv2%2Fcategories&post=4781"},{"taxonomy":"post_tag","embeddable":true,"href":"https:\/\/sven-ove.nu\/index.php?rest_route=%2Fwp%2Fv2%2Ftags&post=4781"}],"curies":[{"name":"wp","href":"https:\/\/api.w.org\/{rel}","templated":true}]}}