{"id":4821,"date":"2013-02-19T04:00:03","date_gmt":"2013-02-19T03:00:03","guid":{"rendered":"http:\/\/sven-ove.nu\/?p=4821"},"modified":"2013-02-18T22:17:38","modified_gmt":"2013-02-18T21:17:38","slug":"min-penna-och-trangseln","status":"publish","type":"post","link":"https:\/\/sven-ove.nu\/?p=4821","title":{"rendered":"Min penna och tr\u00e4ngseln"},"content":{"rendered":"<p>Nu har jag levt p\u00e5 min penna i snart 39 \u00e5r. Levt <em>f\u00f6r<\/em> den \u00e4nnu l\u00e4ngre. Penna f\u00f6rresten, jag skaffade skrivmaskin som 16-\u00e5ring och dator 25 \u00e5r senare, visserligen under visst motst\u00e5nd f\u00f6rst. Pennan beh\u00f6ll jag f\u00f6r de bokst\u00e4ver som det var s\u00e4rskilt noga med.<\/p>\n<p>Det senaste \u00e5ret har jag \u00f6vergett pennan mer och mer, \u00e4ven f\u00f6r de infallen. Lilldatorn \u00e4r s\u00e5 b\u00e4rbar och beh\u00e4ndig att hon h\u00e5ller p\u00e5 att ta \u00f6ver det finlirta.<\/p>\n<p>F\u00f6rsta texterna publicerade i 15-\u00e5rs\u00e5ldern. Sedan dess gulnar mina ord i r\u00e4tt m\u00e5nga tidningsl\u00e4gg h\u00e4r och var, antar jag, och \u00e4r avfotograferade i \u00e4n fler arkiv, p\u00e5 sm\u00e5 mikrokort. Redan det \u00e4r sp\u00e4nnande att t\u00e4nka. D\u00e4r ligger min f\u00f6rs\u00f6rjning genom \u00e5ren, min mat och lust, mitt tv\u00e5ng och mitt &#8211; tv\u00e5ng. N\u00e5got har jag v\u00e4l f\u00f6rs\u00f6kt s\u00e4ga ocks\u00e5. Vad har orden betytt f\u00f6r n\u00e5gon, n\u00e5gra?<\/p>\n<p><a href=\"https:\/\/sven-ove.nu\/wp-content\/uploads\/2013\/02\/10101010101010101010.jpg\"><img loading=\"lazy\" decoding=\"async\" class=\"alignleft size-medium wp-image-4822\" title=\"10101010101010101010\" src=\"https:\/\/sven-ove.nu\/wp-content\/uploads\/2013\/02\/10101010101010101010-300x275.jpg\" alt=\"\" width=\"300\" height=\"275\" srcset=\"https:\/\/sven-ove.nu\/wp-content\/uploads\/2013\/02\/10101010101010101010-300x275.jpg 300w, https:\/\/sven-ove.nu\/wp-content\/uploads\/2013\/02\/10101010101010101010.jpg 338w\" sizes=\"auto, (max-width: 300px) 100vw, 300px\" \/><\/a>I dag \u00e4r det inte l\u00e4ggen och mikrokorten som minns, i dag det \u00e4r rymden. H\u00e4r och d\u00e4r i cyberspace far ord och bokst\u00e4ver runt, som jag stuvat de senaste 19 \u00e5ren. Det \u00e4r den allra mest fascinerande tanken. Hur g\u00e5r det till rent praktiskt? Far mitt f\u00f6rsta inl\u00e4gg p\u00e5 den h\u00e4r bloggen fr\u00e5n november 2011 <a href=\"http:\/\/loading.se\/forum.php?thread_id=11517\">runt i luften<\/a> h\u00e4r inne i k\u00f6ket just nu?<\/p>\n<p>Jag kan ta reda p\u00e5 det. Enklast \u00e4r att klicka p\u00e5 l\u00e4nken ovanf\u00f6r.<\/p>\n<p>&nbsp;<\/p>\n<p>Jag tror jag l\u00e5ter bli.<br \/>\nDet kan bli v\u00e4ldigt tr\u00e5ngt i ett 70-talsk\u00f6k om man b\u00f6rjar t\u00e4nka s\u00e5.<\/p>\n","protected":false},"excerpt":{"rendered":"<p>Nu har jag levt p\u00e5 min penna i snart 39 \u00e5r. Levt f\u00f6r den \u00e4nnu l\u00e4ngre. Penna f\u00f6rresten, jag skaffade skrivmaskin som 16-\u00e5ring och dator 25 \u00e5r senare, visserligen under visst motst\u00e5nd f\u00f6rst. Pennan beh\u00f6ll jag f\u00f6r de bokst\u00e4ver som det var s\u00e4rskilt noga med. Det senaste \u00e5ret har jag \u00f6vergett pennan mer och mer, &hellip; <a href=\"https:\/\/sven-ove.nu\/?p=4821\" class=\"more-link\">Forts\u00e4tt l\u00e4sa <span class=\"screen-reader-text\">Min penna och tr\u00e4ngseln<\/span><\/a><\/p>\n","protected":false},"author":1,"featured_media":0,"comment_status":"open","ping_status":"open","sticky":false,"template":"","format":"standard","meta":{"_crdt_document":"","_monsterinsights_skip_tracking":false,"_monsterinsights_sitenote_active":false,"_monsterinsights_sitenote_note":"","_monsterinsights_sitenote_category":0,"footnotes":""},"categories":[4],"tags":[8,13],"class_list":["post-4821","post","type-post","status-publish","format-standard","hentry","category-skrivande","tag-historia","tag-utrustning"],"_links":{"self":[{"href":"https:\/\/sven-ove.nu\/index.php?rest_route=\/wp\/v2\/posts\/4821","targetHints":{"allow":["GET"]}}],"collection":[{"href":"https:\/\/sven-ove.nu\/index.php?rest_route=\/wp\/v2\/posts"}],"about":[{"href":"https:\/\/sven-ove.nu\/index.php?rest_route=\/wp\/v2\/types\/post"}],"author":[{"embeddable":true,"href":"https:\/\/sven-ove.nu\/index.php?rest_route=\/wp\/v2\/users\/1"}],"replies":[{"embeddable":true,"href":"https:\/\/sven-ove.nu\/index.php?rest_route=%2Fwp%2Fv2%2Fcomments&post=4821"}],"version-history":[{"count":25,"href":"https:\/\/sven-ove.nu\/index.php?rest_route=\/wp\/v2\/posts\/4821\/revisions"}],"predecessor-version":[{"id":4926,"href":"https:\/\/sven-ove.nu\/index.php?rest_route=\/wp\/v2\/posts\/4821\/revisions\/4926"}],"wp:attachment":[{"href":"https:\/\/sven-ove.nu\/index.php?rest_route=%2Fwp%2Fv2%2Fmedia&parent=4821"}],"wp:term":[{"taxonomy":"category","embeddable":true,"href":"https:\/\/sven-ove.nu\/index.php?rest_route=%2Fwp%2Fv2%2Fcategories&post=4821"},{"taxonomy":"post_tag","embeddable":true,"href":"https:\/\/sven-ove.nu\/index.php?rest_route=%2Fwp%2Fv2%2Ftags&post=4821"}],"curies":[{"name":"wp","href":"https:\/\/api.w.org\/{rel}","templated":true}]}}