{"id":4905,"date":"2013-02-21T04:00:43","date_gmt":"2013-02-21T03:00:43","guid":{"rendered":"http:\/\/sven-ove.nu\/?p=4905"},"modified":"2013-02-21T17:10:54","modified_gmt":"2013-02-21T16:10:54","slug":"sa-kan-den-skamliga-karnkraften-ersattas","status":"publish","type":"post","link":"https:\/\/sven-ove.nu\/?p=4905","title":{"rendered":"S\u00e5 kan den skamliga k\u00e4rnkraften ers\u00e4ttas"},"content":{"rendered":"<p>Om ett energislag \u00e4r livsfarligt i 100 000 \u00e5r, d\u00e5 r\u00e4cker det f\u00f6r mig. Vad \u00e4r vi f\u00f6r f\u00f6r\u00e4ldrar som uts\u00e4tter v\u00e5ra barn och deras barn och deras \u2013 f\u00f6r livsfara i 3 334 generationer fram\u00e5t? Det \u00e4r ju skamligt.<\/p>\n<p>G\u00e5r k\u00e4rnkraften att ers\u00e4tta d\u00e5?<\/p>\n<p>Enligt vattenfall.se har Sverige sammanlagt tio k\u00e4rnreaktorer som producerar el, i Ringhals, Forsmark och Oskarshamn. Tillsammans svarar de f\u00f6r ungef\u00e4r halva v\u00e5r elf\u00f6rs\u00f6rjning, eller drygt 60 TWh (miljarder kilowattimmar).<\/p>\n<p>S\u00e5 h\u00e4r kan de ers\u00e4ttas. Siffrorna kommer fr\u00e5n utst\u00e4llningen <em>Visst g\u00e5r det! \u2013 fr\u00e5n k\u00e4rnkraft till f\u00f6rnybar energi<\/em>. Den visas i bibliotekshuset i Karlstad till den 25 februari och arrangeras av f\u00f6reningen <a href=\"http:\/\/www.varmlandmotkarnkraft.se\">V\u00e4rmland mot k\u00e4rnkraft<\/a> i samarbete med Naturskyddsf\u00f6reningen och Studiefr\u00e4mjandet.<\/p>\n<p><strong> <\/strong><\/p>\n<p style=\"padding-left: 30px;\"><strong>Vindkraft, potential i Sverige<br \/>\n<\/strong>2011 producerades 6,1 TWh<br \/>\nM\u00f6jlig \u00f6kning inom 10 \u00e5r cirka 30 TWh<br \/>\n\u00d6kad anv\u00e4ndning kan ers\u00e4tta 5 reaktorer.<\/p>\n<p style=\"padding-left: 30px;\"><strong>Biomassa, potential i Sverige<br \/>\n<\/strong>2011 anv\u00e4ndes direkt 76 TWh<br \/>\nplus andel i fj\u00e4rrv\u00e4rme cirka 28 TWh<br \/>\nsumma cirka 104 TWh<br \/>\nM\u00f6jlig \u00f6kning inom 10 \u00e5r cirka 100 TWh<br \/>\nVarav el \/(kraft-v\u00e4rme, biogas) 20 TWh<br \/>\n\u00d6kad anv\u00e4ndning kan ers\u00e4tta 3,3 k\u00e4rnreaktorer plus mycket fossil energi.<\/p>\n<p style=\"padding-left: 30px;\"><strong>Vattenkraft, potential i Sverige<br \/>\n<\/strong>2011 producerades 67 TWh<br \/>\nM\u00f6jlig \u00f6kning inom 10 \u00e5r cirka 6 TWh<br \/>\n\u00d6kad anv\u00e4ndning kan ers\u00e4tta en k\u00e4rnreaktor.<\/p>\n<p style=\"padding-left: 30px;\"><strong>Solenergi, potential i Sverige<br \/>\n<\/strong>Solel: 2011 producerades n\u00e4ra 0 TWh<br \/>\nM\u00f6jlig \u00f6kning inom 10 \u00e5r cirka 0,1 TWh.<br \/>\nSolv\u00e4rme 2010: ok\u00e4nd.<br \/>\n\u00d6kad anv\u00e4ndning kan ers\u00e4tta 0,02 k\u00e4rnreaktorer.<\/p>\n<p style=\"padding-left: 30px;\"><strong>Energisparpotential i Sverige<br \/>\n<\/strong>2011 var energianv\u00e4ndning totalt 386 TWh, varav el 139 TWh<br \/>\n20 procents minskning kan ers\u00e4tta 28 TWh eller 5 k\u00e4rnreaktorer.<\/p>\n<p><strong><em><a href=\"https:\/\/sven-ove.nu\/wp-content\/uploads\/2013\/02\/Manifestation-9-mars.jpg\"><img loading=\"lazy\" decoding=\"async\" class=\"alignright size-large wp-image-4906\" title=\"Manifestation 9 mars\" src=\"https:\/\/sven-ove.nu\/wp-content\/uploads\/2013\/02\/Manifestation-9-mars-785x1024.jpg\" alt=\"\" width=\"640\" height=\"834\" srcset=\"https:\/\/sven-ove.nu\/wp-content\/uploads\/2013\/02\/Manifestation-9-mars-785x1024.jpg 785w, https:\/\/sven-ove.nu\/wp-content\/uploads\/2013\/02\/Manifestation-9-mars-230x300.jpg 230w, https:\/\/sven-ove.nu\/wp-content\/uploads\/2013\/02\/Manifestation-9-mars.jpg 1190w\" sizes=\"auto, (max-width: 640px) 100vw, 640px\" \/><\/a><\/em><\/strong><\/p>\n<p>&nbsp;<\/p>\n<p><strong><em>Manifestation 9 mars<br \/>\n<\/em><\/strong><em>P\u00e5 l\u00f6rdag den 9 mars sker en manifestation mot k\u00e4rnkraften p\u00e5 Soltorget i Karlstad, eftersom det m\u00e5ndagen efter\u00e5t \u00e4r tv\u00e5 sedan k\u00e4rnkraftsolyckan i Fukushima b\u00f6rjade.<\/em><\/p>\n<p><em> <\/em><\/p>\n<p><em>G\u00e5 dit.<\/em><\/p>\n<p><em><br \/>\n<\/em><\/p>\n","protected":false},"excerpt":{"rendered":"<p>Om ett energislag \u00e4r livsfarligt i 100 000 \u00e5r, d\u00e5 r\u00e4cker det f\u00f6r mig. Vad \u00e4r vi f\u00f6r f\u00f6r\u00e4ldrar som uts\u00e4tter v\u00e5ra barn och deras barn och deras \u2013 f\u00f6r livsfara i 3 334 generationer fram\u00e5t? Det \u00e4r ju skamligt. G\u00e5r k\u00e4rnkraften att ers\u00e4tta d\u00e5? Enligt vattenfall.se har Sverige sammanlagt tio k\u00e4rnreaktorer som producerar el, &hellip; <a href=\"https:\/\/sven-ove.nu\/?p=4905\" class=\"more-link\">Forts\u00e4tt l\u00e4sa <span class=\"screen-reader-text\">S\u00e5 kan den skamliga k\u00e4rnkraften ers\u00e4ttas<\/span><\/a><\/p>\n","protected":false},"author":1,"featured_media":0,"comment_status":"open","ping_status":"open","sticky":false,"template":"","format":"standard","meta":{"_crdt_document":"","_monsterinsights_skip_tracking":false,"_monsterinsights_sitenote_active":false,"_monsterinsights_sitenote_note":"","_monsterinsights_sitenote_category":0,"footnotes":""},"categories":[10,6,9],"tags":[24,7,17],"class_list":["post-4905","post","type-post","status-publish","format-standard","hentry","category-familjen","category-natur","category-politik","tag-karlek","tag-miljo","tag-solidaritet"],"_links":{"self":[{"href":"https:\/\/sven-ove.nu\/index.php?rest_route=\/wp\/v2\/posts\/4905","targetHints":{"allow":["GET"]}}],"collection":[{"href":"https:\/\/sven-ove.nu\/index.php?rest_route=\/wp\/v2\/posts"}],"about":[{"href":"https:\/\/sven-ove.nu\/index.php?rest_route=\/wp\/v2\/types\/post"}],"author":[{"embeddable":true,"href":"https:\/\/sven-ove.nu\/index.php?rest_route=\/wp\/v2\/users\/1"}],"replies":[{"embeddable":true,"href":"https:\/\/sven-ove.nu\/index.php?rest_route=%2Fwp%2Fv2%2Fcomments&post=4905"}],"version-history":[{"count":9,"href":"https:\/\/sven-ove.nu\/index.php?rest_route=\/wp\/v2\/posts\/4905\/revisions"}],"predecessor-version":[{"id":4964,"href":"https:\/\/sven-ove.nu\/index.php?rest_route=\/wp\/v2\/posts\/4905\/revisions\/4964"}],"wp:attachment":[{"href":"https:\/\/sven-ove.nu\/index.php?rest_route=%2Fwp%2Fv2%2Fmedia&parent=4905"}],"wp:term":[{"taxonomy":"category","embeddable":true,"href":"https:\/\/sven-ove.nu\/index.php?rest_route=%2Fwp%2Fv2%2Fcategories&post=4905"},{"taxonomy":"post_tag","embeddable":true,"href":"https:\/\/sven-ove.nu\/index.php?rest_route=%2Fwp%2Fv2%2Ftags&post=4905"}],"curies":[{"name":"wp","href":"https:\/\/api.w.org\/{rel}","templated":true}]}}