{"id":4912,"date":"2013-03-09T04:00:36","date_gmt":"2013-03-09T03:00:36","guid":{"rendered":"http:\/\/sven-ove.nu\/?p=4912"},"modified":"2013-03-02T14:08:00","modified_gmt":"2013-03-02T13:08:00","slug":"i-dag","status":"publish","type":"post","link":"https:\/\/sven-ove.nu\/?p=4912","title":{"rendered":"I dag"},"content":{"rendered":"<p><a href=\"https:\/\/sven-ove.nu\/wp-content\/uploads\/2013\/02\/Manifestation-9-mars1.jpg\"><img loading=\"lazy\" decoding=\"async\" class=\"alignleft size-medium wp-image-4913\" title=\"Manifestation 9 mars\" src=\"https:\/\/sven-ove.nu\/wp-content\/uploads\/2013\/02\/Manifestation-9-mars1-230x300.jpg\" alt=\"\" width=\"230\" height=\"300\" srcset=\"https:\/\/sven-ove.nu\/wp-content\/uploads\/2013\/02\/Manifestation-9-mars1-230x300.jpg 230w, https:\/\/sven-ove.nu\/wp-content\/uploads\/2013\/02\/Manifestation-9-mars1-785x1024.jpg 785w, https:\/\/sven-ove.nu\/wp-content\/uploads\/2013\/02\/Manifestation-9-mars1.jpg 1190w\" sizes=\"auto, (max-width: 230px) 100vw, 230px\" \/><\/a><\/p>\n<p>P\u00e5 m\u00e5ndag \u00e4r det tv\u00e5 \u00e5r sedan k\u00e4rnkraftsolyckan i Fukushima b\u00f6rjade. K\u00e4rnkraften \u00e4r livsfarlig f\u00f6r m\u00e4nniskor i 100 000 \u00e5r efter att den sista reaktorn har st\u00e4ngts. D\u00e4rf\u00f6r sker i dag en manifestation p\u00e5 Soltorget i Karlstad.<\/p>\n<p>G\u00e5 dit.<\/p>\n<p>&nbsp;<\/p>\n<p><em>PS. Ja, jag skrev \u201db\u00f6rjade\u201d. Den katastrofen <a href=\"https:\/\/sven-ove.nu\/?p=4850\">p\u00e5g\u00e5r \u00e4n<\/a>. DS.<\/em><\/p>\n<p>&nbsp;<\/p>\n","protected":false},"excerpt":{"rendered":"<p>P\u00e5 m\u00e5ndag \u00e4r det tv\u00e5 \u00e5r sedan k\u00e4rnkraftsolyckan i Fukushima b\u00f6rjade. K\u00e4rnkraften \u00e4r livsfarlig f\u00f6r m\u00e4nniskor i 100 000 \u00e5r efter att den sista reaktorn har st\u00e4ngts. D\u00e4rf\u00f6r sker i dag en manifestation p\u00e5 Soltorget i Karlstad. G\u00e5 dit. &nbsp; PS. Ja, jag skrev \u201db\u00f6rjade\u201d. Den katastrofen p\u00e5g\u00e5r \u00e4n. DS. &nbsp;<\/p>\n","protected":false},"author":1,"featured_media":0,"comment_status":"open","ping_status":"open","sticky":false,"template":"","format":"standard","meta":{"_crdt_document":"","_monsterinsights_skip_tracking":false,"_monsterinsights_sitenote_active":false,"_monsterinsights_sitenote_note":"","_monsterinsights_sitenote_category":0,"footnotes":""},"categories":[10,6,9],"tags":[24,7,17],"class_list":["post-4912","post","type-post","status-publish","format-standard","hentry","category-familjen","category-natur","category-politik","tag-karlek","tag-miljo","tag-solidaritet"],"_links":{"self":[{"href":"https:\/\/sven-ove.nu\/index.php?rest_route=\/wp\/v2\/posts\/4912","targetHints":{"allow":["GET"]}}],"collection":[{"href":"https:\/\/sven-ove.nu\/index.php?rest_route=\/wp\/v2\/posts"}],"about":[{"href":"https:\/\/sven-ove.nu\/index.php?rest_route=\/wp\/v2\/types\/post"}],"author":[{"embeddable":true,"href":"https:\/\/sven-ove.nu\/index.php?rest_route=\/wp\/v2\/users\/1"}],"replies":[{"embeddable":true,"href":"https:\/\/sven-ove.nu\/index.php?rest_route=%2Fwp%2Fv2%2Fcomments&post=4912"}],"version-history":[{"count":7,"href":"https:\/\/sven-ove.nu\/index.php?rest_route=\/wp\/v2\/posts\/4912\/revisions"}],"predecessor-version":[{"id":4915,"href":"https:\/\/sven-ove.nu\/index.php?rest_route=\/wp\/v2\/posts\/4912\/revisions\/4915"}],"wp:attachment":[{"href":"https:\/\/sven-ove.nu\/index.php?rest_route=%2Fwp%2Fv2%2Fmedia&parent=4912"}],"wp:term":[{"taxonomy":"category","embeddable":true,"href":"https:\/\/sven-ove.nu\/index.php?rest_route=%2Fwp%2Fv2%2Fcategories&post=4912"},{"taxonomy":"post_tag","embeddable":true,"href":"https:\/\/sven-ove.nu\/index.php?rest_route=%2Fwp%2Fv2%2Ftags&post=4912"}],"curies":[{"name":"wp","href":"https:\/\/api.w.org\/{rel}","templated":true}]}}