{"id":4976,"date":"2013-02-23T04:00:34","date_gmt":"2013-02-23T03:00:34","guid":{"rendered":"http:\/\/sven-ove.nu\/?p=4976"},"modified":"2013-02-22T23:35:38","modified_gmt":"2013-02-22T22:35:38","slug":"kungen-ar-synsk","status":"publish","type":"post","link":"https:\/\/sven-ove.nu\/?p=4976","title":{"rendered":"Kungen \u00e4r synsk"},"content":{"rendered":"<p><a href=\"https:\/\/sven-ove.nu\/wp-content\/uploads\/2013\/02\/Republikanska-f\u00f6reningen.jpg\"><img loading=\"lazy\" decoding=\"async\" class=\"alignright size-thumbnail wp-image-4977\" title=\"Republikanska f\u00f6reningen\" src=\"https:\/\/sven-ove.nu\/wp-content\/uploads\/2013\/02\/Republikanska-f\u00f6reningen-150x150.jpg\" alt=\"\" width=\"150\" height=\"150\" \/><\/a>Carl XVI Gustaf har den i sin sl\u00e4kt ovanliga f\u00f6rm\u00e5gan att se in i framtiden. Redan 1973, n\u00e4r han blev kung, tog han valspr\u00e5ket \u201d<em>F\u00f6r Sverige i <strong>Tiden<\/strong><\/em>\u201d. D\u00e5 var det fortfarande 39 \u00e5r kvar tills Elisabeth Ohlson Wallin skulle publicera sin satiriska bild d\u00e4r Silvia sopar ett hakkors under mattan.<\/p>\n<p>I tidskriften <strong>Tiden<\/strong>.<\/p>\n<p>Respekt.<br \/>\nHur g\u00f6r karln?<\/p>\n","protected":false},"excerpt":{"rendered":"<p>Carl XVI Gustaf har den i sin sl\u00e4kt ovanliga f\u00f6rm\u00e5gan att se in i framtiden. Redan 1973, n\u00e4r han blev kung, tog han valspr\u00e5ket \u201dF\u00f6r Sverige i Tiden\u201d. D\u00e5 var det fortfarande 39 \u00e5r kvar tills Elisabeth Ohlson Wallin skulle publicera sin satiriska bild d\u00e4r Silvia sopar ett hakkors under mattan. I tidskriften Tiden. Respekt. &hellip; <a href=\"https:\/\/sven-ove.nu\/?p=4976\" class=\"more-link\">Forts\u00e4tt l\u00e4sa <span class=\"screen-reader-text\">Kungen \u00e4r synsk<\/span><\/a><\/p>\n","protected":false},"author":1,"featured_media":0,"comment_status":"open","ping_status":"open","sticky":false,"template":"","format":"standard","meta":{"_crdt_document":"","_monsterinsights_skip_tracking":false,"_monsterinsights_sitenote_active":false,"_monsterinsights_sitenote_note":"","_monsterinsights_sitenote_category":0,"footnotes":""},"categories":[9],"tags":[15,13],"class_list":["post-4976","post","type-post","status-publish","format-standard","hentry","category-politik","tag-mediedjungeln","tag-utrustning"],"_links":{"self":[{"href":"https:\/\/sven-ove.nu\/index.php?rest_route=\/wp\/v2\/posts\/4976","targetHints":{"allow":["GET"]}}],"collection":[{"href":"https:\/\/sven-ove.nu\/index.php?rest_route=\/wp\/v2\/posts"}],"about":[{"href":"https:\/\/sven-ove.nu\/index.php?rest_route=\/wp\/v2\/types\/post"}],"author":[{"embeddable":true,"href":"https:\/\/sven-ove.nu\/index.php?rest_route=\/wp\/v2\/users\/1"}],"replies":[{"embeddable":true,"href":"https:\/\/sven-ove.nu\/index.php?rest_route=%2Fwp%2Fv2%2Fcomments&post=4976"}],"version-history":[{"count":2,"href":"https:\/\/sven-ove.nu\/index.php?rest_route=\/wp\/v2\/posts\/4976\/revisions"}],"predecessor-version":[{"id":4979,"href":"https:\/\/sven-ove.nu\/index.php?rest_route=\/wp\/v2\/posts\/4976\/revisions\/4979"}],"wp:attachment":[{"href":"https:\/\/sven-ove.nu\/index.php?rest_route=%2Fwp%2Fv2%2Fmedia&parent=4976"}],"wp:term":[{"taxonomy":"category","embeddable":true,"href":"https:\/\/sven-ove.nu\/index.php?rest_route=%2Fwp%2Fv2%2Fcategories&post=4976"},{"taxonomy":"post_tag","embeddable":true,"href":"https:\/\/sven-ove.nu\/index.php?rest_route=%2Fwp%2Fv2%2Ftags&post=4976"}],"curies":[{"name":"wp","href":"https:\/\/api.w.org\/{rel}","templated":true}]}}