{"id":4980,"date":"2013-02-24T04:00:01","date_gmt":"2013-02-24T03:00:01","guid":{"rendered":"http:\/\/sven-ove.nu\/?p=4980"},"modified":"2013-02-23T16:31:01","modified_gmt":"2013-02-23T15:31:01","slug":"en-gang-i-tiden","status":"publish","type":"post","link":"https:\/\/sven-ove.nu\/?p=4980","title":{"rendered":"En g\u00e5ng i Tiden"},"content":{"rendered":"<p>Det ligger ju faktiskt en person till p\u00e5 den d\u00e4r satiriska bilden \u00f6ver kungen och hans fru och v\u00e4nner, p\u00e5pekar en klok och medk\u00e4nnande kamrat. Det \u00e4r naturligtvis sant. Precis som Elisabeth Ohlson Wallin kanske inte respekterat de inblandade fotografernas upphovsr\u00e4tt n\u00e4r hon gjorde sitt kollage.<\/p>\n<p>Allt det t\u00e5l att diskuteras.<\/p>\n<p><a href=\"https:\/\/sven-ove.nu\/wp-content\/uploads\/2013\/02\/Republikanska-f\u00f6reningen1.jpg\"><img loading=\"lazy\" decoding=\"async\" class=\"alignright size-full wp-image-4982\" title=\"Republikanska f\u00f6reningen\" src=\"https:\/\/sven-ove.nu\/wp-content\/uploads\/2013\/02\/Republikanska-f\u00f6reningen1.jpg\" alt=\"\" width=\"156\" height=\"158\" \/><\/a>Jag tycker \u00e4nd\u00e5 det \u00e4r en historiens ironi att det var i just tidskriften Tiden bilden publicerades. \u201dF\u00f6r Sverige i tiden\u201d, som kungen brukar s\u00e4ga. Tidskriften Tiden, grundad 1908 av Hjalmar Branting. Samme Branting som satt i f\u00e4ngelse f\u00f6r h\u00e4delse, samme Branting som ledde en r\u00f6relse d\u00e4r republikkravet den g\u00e5ngen var viktigt.<\/p>\n<p>F\u00f6r visst \u00e4r det fortfarande pinsamt att statschefen i v\u00e5rt land utses genom kopulation. T\u00e4nk vad folk kommer att skaka p\u00e5 sina huvuden \u00e5t oss och \u00e5t f\u00f6rdumningsindustrin kring v\u00e5ra dyra kungliga.<\/p>\n<p>En g\u00e5ng i tiden.<\/p>\n","protected":false},"excerpt":{"rendered":"<p>Det ligger ju faktiskt en person till p\u00e5 den d\u00e4r satiriska bilden \u00f6ver kungen och hans fru och v\u00e4nner, p\u00e5pekar en klok och medk\u00e4nnande kamrat. Det \u00e4r naturligtvis sant. Precis som Elisabeth Ohlson Wallin kanske inte respekterat de inblandade fotografernas upphovsr\u00e4tt n\u00e4r hon gjorde sitt kollage. Allt det t\u00e5l att diskuteras. Jag tycker \u00e4nd\u00e5 det &hellip; <a href=\"https:\/\/sven-ove.nu\/?p=4980\" class=\"more-link\">Forts\u00e4tt l\u00e4sa <span class=\"screen-reader-text\">En g\u00e5ng i Tiden<\/span><\/a><\/p>\n","protected":false},"author":1,"featured_media":0,"comment_status":"open","ping_status":"open","sticky":false,"template":"","format":"standard","meta":{"_crdt_document":"","_monsterinsights_skip_tracking":false,"_monsterinsights_sitenote_active":false,"_monsterinsights_sitenote_note":"","_monsterinsights_sitenote_category":0,"footnotes":""},"categories":[9],"tags":[8,15],"class_list":["post-4980","post","type-post","status-publish","format-standard","hentry","category-politik","tag-historia","tag-mediedjungeln"],"_links":{"self":[{"href":"https:\/\/sven-ove.nu\/index.php?rest_route=\/wp\/v2\/posts\/4980","targetHints":{"allow":["GET"]}}],"collection":[{"href":"https:\/\/sven-ove.nu\/index.php?rest_route=\/wp\/v2\/posts"}],"about":[{"href":"https:\/\/sven-ove.nu\/index.php?rest_route=\/wp\/v2\/types\/post"}],"author":[{"embeddable":true,"href":"https:\/\/sven-ove.nu\/index.php?rest_route=\/wp\/v2\/users\/1"}],"replies":[{"embeddable":true,"href":"https:\/\/sven-ove.nu\/index.php?rest_route=%2Fwp%2Fv2%2Fcomments&post=4980"}],"version-history":[{"count":2,"href":"https:\/\/sven-ove.nu\/index.php?rest_route=\/wp\/v2\/posts\/4980\/revisions"}],"predecessor-version":[{"id":4983,"href":"https:\/\/sven-ove.nu\/index.php?rest_route=\/wp\/v2\/posts\/4980\/revisions\/4983"}],"wp:attachment":[{"href":"https:\/\/sven-ove.nu\/index.php?rest_route=%2Fwp%2Fv2%2Fmedia&parent=4980"}],"wp:term":[{"taxonomy":"category","embeddable":true,"href":"https:\/\/sven-ove.nu\/index.php?rest_route=%2Fwp%2Fv2%2Fcategories&post=4980"},{"taxonomy":"post_tag","embeddable":true,"href":"https:\/\/sven-ove.nu\/index.php?rest_route=%2Fwp%2Fv2%2Ftags&post=4980"}],"curies":[{"name":"wp","href":"https:\/\/api.w.org\/{rel}","templated":true}]}}