{"id":4987,"date":"2013-03-02T04:00:52","date_gmt":"2013-03-02T03:00:52","guid":{"rendered":"http:\/\/sven-ove.nu\/?p=4987"},"modified":"2013-03-01T10:26:39","modified_gmt":"2013-03-01T09:26:39","slug":"fick-pengarna-forlorade-partiet","status":"publish","type":"post","link":"https:\/\/sven-ove.nu\/?p=4987","title":{"rendered":"Fick pengarna, f\u00f6rlorade partiet"},"content":{"rendered":"<p>Socialdemokraterna m\u00e5ste g\u00f6ra n\u00e5got f\u00f6r att nagga den borgerliga pressen i kanten, tycker medieprofessorn <strong>Karl Erik Gustafsson<\/strong>. Den dominerar f\u00f6r mycket, s\u00e4ger han i en artikel p\u00e5 medievarlden.se.<\/p>\n<p style=\"padding-left: 30px;\"><em>\u201dOch det m\u00e5ste ju f\u00e5 kosta pengar. Titta p\u00e5 centern som s\u00e5lde sina tidningar, fick en massa pengar \u2013 och f\u00f6rlorade ett parti.\u201d<\/em><\/p>\n<p>Gustafsson svarar p\u00e5 en artikel av <strong>G\u00f6ran Greider<\/strong> p\u00e5 samma sajt. D\u00e4r f\u00f6resl\u00e5r s-debatt\u00f6ren Greider att arbetarr\u00f6relsen startar en ny tidning p\u00e5 n\u00e4tet i januari 2014. Han tycker den beh\u00f6vs. Han tycker dessutom att LO b\u00f6r betala n\u00e4ttidningen med pengarna som kom in n\u00e4r man s\u00e5lde Aftonbladet.<\/p>\n<p>H\u00e4r \u00e4r l\u00e4nken: <a href=\"http:\/\/www.medievarlden.se\/diskussion\/2013\/02\/goran-greider-sa-ska-los-dagstidning-utformas\"><strong>G\u00f6ran Greider: S\u00e5 ska LO:s dagstidning utformas<\/strong><\/a>.<\/p>\n<p>L\u00e4s.<\/p>\n<p>&nbsp;<\/p>\n<p><a href=\"https:\/\/sven-ove.nu\/wp-content\/uploads\/2013\/02\/Skor-l\u00e4ngtar-in1.jpg\"><img loading=\"lazy\" decoding=\"async\" class=\"alignleft size-medium wp-image-4988\" title=\"Skor l\u00e4ngtar in\" src=\"https:\/\/sven-ove.nu\/wp-content\/uploads\/2013\/02\/Skor-l\u00e4ngtar-in1-300x225.jpg\" alt=\"\" width=\"300\" height=\"225\" srcset=\"https:\/\/sven-ove.nu\/wp-content\/uploads\/2013\/02\/Skor-l\u00e4ngtar-in1-300x225.jpg 300w, https:\/\/sven-ove.nu\/wp-content\/uploads\/2013\/02\/Skor-l\u00e4ngtar-in1-1024x768.jpg 1024w, https:\/\/sven-ove.nu\/wp-content\/uploads\/2013\/02\/Skor-l\u00e4ngtar-in1.jpg 1600w\" sizes=\"auto, (max-width: 300px) 100vw, 300px\" \/><\/a><\/p>\n<p>&nbsp;<\/p>\n<p>&nbsp;<\/p>\n<p>&nbsp;<\/p>\n<p>&nbsp;<\/p>\n<p>&nbsp;<\/p>\n","protected":false},"excerpt":{"rendered":"<p>Socialdemokraterna m\u00e5ste g\u00f6ra n\u00e5got f\u00f6r att nagga den borgerliga pressen i kanten, tycker medieprofessorn Karl Erik Gustafsson. Den dominerar f\u00f6r mycket, s\u00e4ger han i en artikel p\u00e5 medievarlden.se. \u201dOch det m\u00e5ste ju f\u00e5 kosta pengar. Titta p\u00e5 centern som s\u00e5lde sina tidningar, fick en massa pengar \u2013 och f\u00f6rlorade ett parti.\u201d Gustafsson svarar p\u00e5 en &hellip; <a href=\"https:\/\/sven-ove.nu\/?p=4987\" class=\"more-link\">Forts\u00e4tt l\u00e4sa <span class=\"screen-reader-text\">Fick pengarna, f\u00f6rlorade partiet<\/span><\/a><\/p>\n","protected":false},"author":1,"featured_media":0,"comment_status":"open","ping_status":"open","sticky":false,"template":"","format":"standard","meta":{"_crdt_document":"","_monsterinsights_skip_tracking":false,"_monsterinsights_sitenote_active":false,"_monsterinsights_sitenote_note":"","_monsterinsights_sitenote_category":0,"footnotes":""},"categories":[9],"tags":[15,20,17],"class_list":["post-4987","post","type-post","status-publish","format-standard","hentry","category-politik","tag-mediedjungeln","tag-rad","tag-solidaritet"],"_links":{"self":[{"href":"https:\/\/sven-ove.nu\/index.php?rest_route=\/wp\/v2\/posts\/4987","targetHints":{"allow":["GET"]}}],"collection":[{"href":"https:\/\/sven-ove.nu\/index.php?rest_route=\/wp\/v2\/posts"}],"about":[{"href":"https:\/\/sven-ove.nu\/index.php?rest_route=\/wp\/v2\/types\/post"}],"author":[{"embeddable":true,"href":"https:\/\/sven-ove.nu\/index.php?rest_route=\/wp\/v2\/users\/1"}],"replies":[{"embeddable":true,"href":"https:\/\/sven-ove.nu\/index.php?rest_route=%2Fwp%2Fv2%2Fcomments&post=4987"}],"version-history":[{"count":11,"href":"https:\/\/sven-ove.nu\/index.php?rest_route=\/wp\/v2\/posts\/4987\/revisions"}],"predecessor-version":[{"id":5039,"href":"https:\/\/sven-ove.nu\/index.php?rest_route=\/wp\/v2\/posts\/4987\/revisions\/5039"}],"wp:attachment":[{"href":"https:\/\/sven-ove.nu\/index.php?rest_route=%2Fwp%2Fv2%2Fmedia&parent=4987"}],"wp:term":[{"taxonomy":"category","embeddable":true,"href":"https:\/\/sven-ove.nu\/index.php?rest_route=%2Fwp%2Fv2%2Fcategories&post=4987"},{"taxonomy":"post_tag","embeddable":true,"href":"https:\/\/sven-ove.nu\/index.php?rest_route=%2Fwp%2Fv2%2Ftags&post=4987"}],"curies":[{"name":"wp","href":"https:\/\/api.w.org\/{rel}","templated":true}]}}