{"id":5006,"date":"2013-02-28T04:00:01","date_gmt":"2013-02-28T03:00:01","guid":{"rendered":"http:\/\/sven-ove.nu\/?p=5006"},"modified":"2013-02-27T19:16:15","modified_gmt":"2013-02-27T18:16:15","slug":"var-snalla-och-bekrafta","status":"publish","type":"post","link":"https:\/\/sven-ove.nu\/?p=5006","title":{"rendered":"&#8221;Var sn\u00e4lla och bekr\u00e4fta&#8221;"},"content":{"rendered":"<p>Det \u00e4r 2013 och nu f\u00f6r tiden f\u00e5r man sina brev rakt in i datorn. H\u00e4rom dagen fick jag brevet som st\u00e5r h\u00e4r nedanf\u00f6r. Tyv\u00e4rr var inte sj\u00e4lva protokollet med. Jag svarade att om jag ska kunna bed\u00f6ma det m\u00e5ste de skicka protokollet ocks\u00e5, men det vill de inte, verkar det som.<\/p>\n<p>Jag har inget efternamn i min privata e-postadress. Det har varit en k\u00e4lla till mycken gl\u00e4dje. Dels \u00e4r adressen l\u00e4tt att komma ih\u00e5g, dels sparar det mig tid och dels f\u00e5r jag en del mejl som egentligen n\u00e5gon annan skulle ha. S\u00e5dant \u00e4r alltid intressant.<\/p>\n<p>En karl skrev och ber\u00e4ttade att han nu var utvilad efter semestern och full av arbetslust. \u201dVad ska jag g\u00f6ra i dag?\u201d. En skickade en st\u00e4dlista, som ber\u00e4ttade att det var min tur att st\u00e4da Rikets Sal. En advokat skickade en bouppteckning, stackarn. En fotbollscup i Ume\u00e5 bjuder artigt in mig varje g\u00e5ng.<\/p>\n<p>S\u00e5h\u00e4r s\u00e5g m\u00e5ndagsmejlet ut. X:en har jag satt dit. Det \u00e4r \u00e5rsm\u00f6testider i mitt land. Det finns en skrivglad karl till d\u00e4r ute som heter Sven-Ove. Nu har jag f\u00e5tt hans mejl med.<\/p>\n<p>&nbsp;<\/p>\n<p style=\"padding-left: 30px;\">Hej!<br \/>\nSer OK ut.<br \/>\n\/Sten<\/p>\n<p style=\"padding-left: 30px;\"><strong>From: <\/strong>Sven-Ove<br \/>\n<strong>Sent:<\/strong> Monday, February 25, 2013 8:44 PM<br \/>\n<strong>To: <\/strong>Peter XX; G\u00f6ran XX<br \/>\n<strong>Cc: <\/strong>Carina XX; Ulrika XX; Sten XX<br \/>\n<strong>Subject:<\/strong> \u00c5rsm\u00f6tesprotokoll<\/p>\n<p style=\"padding-left: 30px;\">Hej<br \/>\nUndertecknad har f\u00f6rs\u00f6kt att vara behj\u00e4lplig med att skriva \u00e5rsm\u00f6teprotokollet utifr\u00e5n m\u00f6tessekreterarens anteckningar och jag har ocks\u00e5 bett m\u00f6tesordf\u00f6randen ber\u00e4tta om besluten som togs. Jag har ocks\u00e5 efter ett f\u00f6rsta utkast f\u00e5tt synpunkter fr\u00e5n justerarna. Jag har f\u00f6rs\u00f6kt beakta b\u00e5de ordf och sekr uppfattningar och justerarnas synpunkter och kommit fram till att det \u00e4r detta f\u00f6rslag som ordf och sekr kan st\u00e4lla sig bakom. S\u00e5 ytterligare synpunkter p\u00e5 det innh\u00e5llsm\u00e4ssiga f\u00e5r framf\u00f6ras till dem. Rena redaktionella \u00e4ndringar kan jag sj\u00e4lv g\u00f6ra om ni har s\u00e5dana.<\/p>\n<p style=\"padding-left: 30px;\">Var sn\u00e4lla och bekr\u00e4fta till mig om det \u00e4r OK<\/p>\n<p style=\"padding-left: 30px;\">Med v\u00e4nlig h\u00e4lsning<br \/>\nSven-Ove XX<\/p>\n<p style=\"padding-left: 30px;\">&nbsp;<\/p>\n","protected":false},"excerpt":{"rendered":"<p>Det \u00e4r 2013 och nu f\u00f6r tiden f\u00e5r man sina brev rakt in i datorn. H\u00e4rom dagen fick jag brevet som st\u00e5r h\u00e4r nedanf\u00f6r. Tyv\u00e4rr var inte sj\u00e4lva protokollet med. Jag svarade att om jag ska kunna bed\u00f6ma det m\u00e5ste de skicka protokollet ocks\u00e5, men det vill de inte, verkar det som. Jag har inget &hellip; <a href=\"https:\/\/sven-ove.nu\/?p=5006\" class=\"more-link\">Forts\u00e4tt l\u00e4sa <span class=\"screen-reader-text\">&#8221;Var sn\u00e4lla och bekr\u00e4fta&#8221;<\/span><\/a><\/p>\n","protected":false},"author":1,"featured_media":0,"comment_status":"open","ping_status":"open","sticky":false,"template":"","format":"standard","meta":{"_crdt_document":"","_monsterinsights_skip_tracking":false,"_monsterinsights_sitenote_active":false,"_monsterinsights_sitenote_note":"","_monsterinsights_sitenote_category":0,"footnotes":""},"categories":[4],"tags":[21,13],"class_list":["post-5006","post","type-post","status-publish","format-standard","hentry","category-skrivande","tag-ord","tag-utrustning"],"_links":{"self":[{"href":"https:\/\/sven-ove.nu\/index.php?rest_route=\/wp\/v2\/posts\/5006","targetHints":{"allow":["GET"]}}],"collection":[{"href":"https:\/\/sven-ove.nu\/index.php?rest_route=\/wp\/v2\/posts"}],"about":[{"href":"https:\/\/sven-ove.nu\/index.php?rest_route=\/wp\/v2\/types\/post"}],"author":[{"embeddable":true,"href":"https:\/\/sven-ove.nu\/index.php?rest_route=\/wp\/v2\/users\/1"}],"replies":[{"embeddable":true,"href":"https:\/\/sven-ove.nu\/index.php?rest_route=%2Fwp%2Fv2%2Fcomments&post=5006"}],"version-history":[{"count":6,"href":"https:\/\/sven-ove.nu\/index.php?rest_route=\/wp\/v2\/posts\/5006\/revisions"}],"predecessor-version":[{"id":5038,"href":"https:\/\/sven-ove.nu\/index.php?rest_route=\/wp\/v2\/posts\/5006\/revisions\/5038"}],"wp:attachment":[{"href":"https:\/\/sven-ove.nu\/index.php?rest_route=%2Fwp%2Fv2%2Fmedia&parent=5006"}],"wp:term":[{"taxonomy":"category","embeddable":true,"href":"https:\/\/sven-ove.nu\/index.php?rest_route=%2Fwp%2Fv2%2Fcategories&post=5006"},{"taxonomy":"post_tag","embeddable":true,"href":"https:\/\/sven-ove.nu\/index.php?rest_route=%2Fwp%2Fv2%2Ftags&post=5006"}],"curies":[{"name":"wp","href":"https:\/\/api.w.org\/{rel}","templated":true}]}}