{"id":5021,"date":"2013-02-27T04:00:14","date_gmt":"2013-02-27T03:00:14","guid":{"rendered":"http:\/\/sven-ove.nu\/?p=5021"},"modified":"2013-02-26T23:01:08","modified_gmt":"2013-02-26T22:01:08","slug":"jag-har-hittat-pa-ett-nytt-svenskt-ord","status":"publish","type":"post","link":"https:\/\/sven-ove.nu\/?p=5021","title":{"rendered":"Jag har hittat p\u00e5 ett nytt svenskt ord"},"content":{"rendered":"<p>Man f\u00e5r v\u00e4l anta att jag l\u00e4rde mig svenska n\u00e5got lite i mammas mage och sedan fr\u00e5n och med f\u00f6dseln en sn\u00f6ig januaridag f\u00f6r 62 \u00e5r sedan. Minnesgoda personer har sagt mig att jag b\u00f6rjade <em>prata<\/em> p\u00e5 allvar i tv\u00e5ochetthalvt\u00e5rs-\u00e5ldern.<\/p>\n<p>Sedan har det h\u00e5llit p\u00e5.<\/p>\n<p><em>Skriva<\/em> l\u00e4rde jag mig delvis sj\u00e4lv med hj\u00e4lpsamma personer i min n\u00e4rhet i kombination med pratbubblorna i serien Pigge &amp; Gnidde. \u201dVa\u2019 heter den bokstaven mamma?\u201d. \u201dA\u201d.<\/p>\n<p>Och i g\u00e5r <em>hittade jag p\u00e5<\/em> mitt f\u00f6rsta egna svenska ord i vuxen \u00e5lder. <strong>Korvent<\/strong>. Bildbevis finns p\u00e5 spraktidningen.se. Jag vill redan nu tacka den partistrateg inom Alliansen som kom p\u00e5 att de f\u00f6rst skulle grilla korv, alliansh\u00f6jdarna i Maram\u00f6, och sedan ber\u00e4tta f\u00f6r v\u00e4rlden att de har t\u00e4nkt sig att h\u00e5lla ett konvent.<\/p>\n<p>Tack, strateg.<\/p>\n<p>&nbsp;<\/p>\n<p><a href=\"https:\/\/sven-ove.nu\/wp-content\/uploads\/2013\/02\/spraktidningen.se_1.png\"><img loading=\"lazy\" decoding=\"async\" class=\"alignleft size-full wp-image-5024\" title=\"spraktidningen.se\" src=\"https:\/\/sven-ove.nu\/wp-content\/uploads\/2013\/02\/spraktidningen.se_1.png\" alt=\"\" width=\"412\" height=\"266\" srcset=\"https:\/\/sven-ove.nu\/wp-content\/uploads\/2013\/02\/spraktidningen.se_1.png 412w, https:\/\/sven-ove.nu\/wp-content\/uploads\/2013\/02\/spraktidningen.se_1-300x193.png 300w\" sizes=\"auto, (max-width: 412px) 100vw, 412px\" \/><\/a><\/p>\n<p>&nbsp;<\/p>\n<p>&nbsp;<\/p>\n<p>&nbsp;<\/p>\n<p>&nbsp;<\/p>\n<p>&nbsp;<\/p>\n<p>&nbsp;<\/p>\n<p><em>Klipp fr\u00e5n <a href=\"http:\/\/spraktidningen.se\" target=\"_blank\">spraktidningen.se<\/a><\/em><\/p>\n<p>&nbsp;<\/p>\n","protected":false},"excerpt":{"rendered":"<p>Man f\u00e5r v\u00e4l anta att jag l\u00e4rde mig svenska n\u00e5got lite i mammas mage och sedan fr\u00e5n och med f\u00f6dseln en sn\u00f6ig januaridag f\u00f6r 62 \u00e5r sedan. Minnesgoda personer har sagt mig att jag b\u00f6rjade prata p\u00e5 allvar i tv\u00e5ochetthalvt\u00e5rs-\u00e5ldern. Sedan har det h\u00e5llit p\u00e5. Skriva l\u00e4rde jag mig delvis sj\u00e4lv med hj\u00e4lpsamma personer i &hellip; <a href=\"https:\/\/sven-ove.nu\/?p=5021\" class=\"more-link\">Forts\u00e4tt l\u00e4sa <span class=\"screen-reader-text\">Jag har hittat p\u00e5 ett nytt svenskt ord<\/span><\/a><\/p>\n","protected":false},"author":1,"featured_media":0,"comment_status":"open","ping_status":"open","sticky":false,"template":"","format":"standard","meta":{"_crdt_document":"","_monsterinsights_skip_tracking":false,"_monsterinsights_sitenote_active":false,"_monsterinsights_sitenote_note":"","_monsterinsights_sitenote_category":0,"footnotes":""},"categories":[10,4],"tags":[8,21],"class_list":["post-5021","post","type-post","status-publish","format-standard","hentry","category-familjen","category-skrivande","tag-historia","tag-ord"],"_links":{"self":[{"href":"https:\/\/sven-ove.nu\/index.php?rest_route=\/wp\/v2\/posts\/5021","targetHints":{"allow":["GET"]}}],"collection":[{"href":"https:\/\/sven-ove.nu\/index.php?rest_route=\/wp\/v2\/posts"}],"about":[{"href":"https:\/\/sven-ove.nu\/index.php?rest_route=\/wp\/v2\/types\/post"}],"author":[{"embeddable":true,"href":"https:\/\/sven-ove.nu\/index.php?rest_route=\/wp\/v2\/users\/1"}],"replies":[{"embeddable":true,"href":"https:\/\/sven-ove.nu\/index.php?rest_route=%2Fwp%2Fv2%2Fcomments&post=5021"}],"version-history":[{"count":10,"href":"https:\/\/sven-ove.nu\/index.php?rest_route=\/wp\/v2\/posts\/5021\/revisions"}],"predecessor-version":[{"id":5029,"href":"https:\/\/sven-ove.nu\/index.php?rest_route=\/wp\/v2\/posts\/5021\/revisions\/5029"}],"wp:attachment":[{"href":"https:\/\/sven-ove.nu\/index.php?rest_route=%2Fwp%2Fv2%2Fmedia&parent=5021"}],"wp:term":[{"taxonomy":"category","embeddable":true,"href":"https:\/\/sven-ove.nu\/index.php?rest_route=%2Fwp%2Fv2%2Fcategories&post=5021"},{"taxonomy":"post_tag","embeddable":true,"href":"https:\/\/sven-ove.nu\/index.php?rest_route=%2Fwp%2Fv2%2Ftags&post=5021"}],"curies":[{"name":"wp","href":"https:\/\/api.w.org\/{rel}","templated":true}]}}