{"id":5148,"date":"2013-03-06T04:00:35","date_gmt":"2013-03-06T03:00:35","guid":{"rendered":"http:\/\/sven-ove.nu\/?p=5148"},"modified":"2013-03-05T11:15:42","modified_gmt":"2013-03-05T10:15:42","slug":"eftertankar","status":"publish","type":"post","link":"https:\/\/sven-ove.nu\/?p=5148","title":{"rendered":"Eftertankar"},"content":{"rendered":"<p>Ett samh\u00e4lle kan inte vara j\u00e4mst\u00e4llt bara p\u00e5 tisdagarna och torsdagarna och \u00e4nd\u00e5 kalla sig j\u00e4mst\u00e4llt och r\u00e4ttvist.<\/p>\n<p style=\"padding-left: 30px;\">*<\/p>\n<p>&#8211; D\u00f6m en m\u00e4nniska efter vad hon g\u00f6r. Inte efter vad hon s\u00e4ger.<br \/>\n&#8211; Fullst\u00e4ndigt?<br \/>\n&#8211; I f\u00f6rsta hand.<\/p>\n<p style=\"padding-left: 30px;\">*<\/p>\n<p>N\u00e4r du sover l\u00e4nge sover du fortare.<br \/>\nAnnars skulle du inte hinna vakna i tid och du skulle m\u00e4rka att sovstunden drog ut.<\/p>\n<p style=\"padding-left: 30px;\">*<\/p>\n<p>Den som \u00e4r r\u00e4dd f\u00f6r feminismen har mer att vara r\u00e4dd f\u00f6r.<\/p>\n","protected":false},"excerpt":{"rendered":"<p>Ett samh\u00e4lle kan inte vara j\u00e4mst\u00e4llt bara p\u00e5 tisdagarna och torsdagarna och \u00e4nd\u00e5 kalla sig j\u00e4mst\u00e4llt och r\u00e4ttvist. * &#8211; D\u00f6m en m\u00e4nniska efter vad hon g\u00f6r. Inte efter vad hon s\u00e4ger. &#8211; Fullst\u00e4ndigt? &#8211; I f\u00f6rsta hand. * N\u00e4r du sover l\u00e4nge sover du fortare. Annars skulle du inte hinna vakna i tid och &hellip; <a href=\"https:\/\/sven-ove.nu\/?p=5148\" class=\"more-link\">Forts\u00e4tt l\u00e4sa <span class=\"screen-reader-text\">Eftertankar<\/span><\/a><\/p>\n","protected":false},"author":1,"featured_media":0,"comment_status":"open","ping_status":"open","sticky":false,"template":"","format":"standard","meta":{"_crdt_document":"","_monsterinsights_skip_tracking":false,"_monsterinsights_sitenote_active":false,"_monsterinsights_sitenote_note":"","_monsterinsights_sitenote_category":0,"footnotes":""},"categories":[9],"tags":[20,17],"class_list":["post-5148","post","type-post","status-publish","format-standard","hentry","category-politik","tag-rad","tag-solidaritet"],"_links":{"self":[{"href":"https:\/\/sven-ove.nu\/index.php?rest_route=\/wp\/v2\/posts\/5148","targetHints":{"allow":["GET"]}}],"collection":[{"href":"https:\/\/sven-ove.nu\/index.php?rest_route=\/wp\/v2\/posts"}],"about":[{"href":"https:\/\/sven-ove.nu\/index.php?rest_route=\/wp\/v2\/types\/post"}],"author":[{"embeddable":true,"href":"https:\/\/sven-ove.nu\/index.php?rest_route=\/wp\/v2\/users\/1"}],"replies":[{"embeddable":true,"href":"https:\/\/sven-ove.nu\/index.php?rest_route=%2Fwp%2Fv2%2Fcomments&post=5148"}],"version-history":[{"count":4,"href":"https:\/\/sven-ove.nu\/index.php?rest_route=\/wp\/v2\/posts\/5148\/revisions"}],"predecessor-version":[{"id":5160,"href":"https:\/\/sven-ove.nu\/index.php?rest_route=\/wp\/v2\/posts\/5148\/revisions\/5160"}],"wp:attachment":[{"href":"https:\/\/sven-ove.nu\/index.php?rest_route=%2Fwp%2Fv2%2Fmedia&parent=5148"}],"wp:term":[{"taxonomy":"category","embeddable":true,"href":"https:\/\/sven-ove.nu\/index.php?rest_route=%2Fwp%2Fv2%2Fcategories&post=5148"},{"taxonomy":"post_tag","embeddable":true,"href":"https:\/\/sven-ove.nu\/index.php?rest_route=%2Fwp%2Fv2%2Ftags&post=5148"}],"curies":[{"name":"wp","href":"https:\/\/api.w.org\/{rel}","templated":true}]}}