{"id":5221,"date":"2013-03-12T04:00:50","date_gmt":"2013-03-12T03:00:50","guid":{"rendered":"http:\/\/sven-ove.nu\/?p=5221"},"modified":"2013-03-12T06:57:25","modified_gmt":"2013-03-12T05:57:25","slug":"tips-till-dig-som-har-svart-att-ta-dig-over-troskeln","status":"publish","type":"post","link":"https:\/\/sven-ove.nu\/?p=5221","title":{"rendered":"Tips till dig som har sv\u00e5rt att ta dig \u00f6ver tr\u00f6skeln"},"content":{"rendered":"<p>Jag \u00e4lskar att s\u00e4tta ena foten framf\u00f6r den andra, \u00f6ka frekvensen och b\u00f6rja lyfta b\u00e5da samtidigt och &#8211; springa. Kuta, lufsa, jogga, r\u00e4nna. Tidvis har l\u00f6pandet varit religion. Perioder i livet n\u00e4r jag blir l\u00f6pteoretiker, kilometersamlare och springfilosof. Allt p\u00e5 en g\u00e5ng. De brukar sluta med en m\u00e5lg\u00e5ng.<\/p>\n<p>Dessemellan har jag en mer sansad och vardaglig inst\u00e4llning till husbehovsspringandet. Det \u00e4r g\u00f4tt, jag m\u00e5r bra av det. Bara s\u00e5 enkelt.<\/p>\n<p>\u2026 och s\u00e5 finns det de d\u00e4r dagarna n\u00e4r tr\u00f6skeln \u00e4r h\u00f6g och kroppen och sj\u00e4len sl\u00e5ss om vem som \u00e4r b\u00e4st p\u00e5 att k\u00e4nna efter. Det \u00e4r d\u00e5 alla urs\u00e4kterna b\u00f6rjar mumla i mitt inre. Urs\u00e4kterna f\u00f6r att l\u00e5ta bli att ta en runda.<\/p>\n<p style=\"padding-left: 30px;\"><em><a href=\"https:\/\/sven-ove.nu\/wp-content\/uploads\/2013\/03\/Urs\u00e4kt.jpg\"><img loading=\"lazy\" decoding=\"async\" class=\"alignright size-medium wp-image-5222\" title=\"Urs\u00e4kt\" src=\"https:\/\/sven-ove.nu\/wp-content\/uploads\/2013\/03\/Urs\u00e4kt-300x271.jpg\" alt=\"\" width=\"300\" height=\"271\" srcset=\"https:\/\/sven-ove.nu\/wp-content\/uploads\/2013\/03\/Urs\u00e4kt-300x271.jpg 300w, https:\/\/sven-ove.nu\/wp-content\/uploads\/2013\/03\/Urs\u00e4kt.jpg 365w\" sizes=\"auto, (max-width: 300px) 100vw, 300px\" \/><\/a>\u201dNej, jag ska springa i morgon, det st\u00e4mmer inte med min s\u00e4songsplanering att springa i dag&#8221;. \u201dNej, jag har \u00e4tit lite d\u00e5ligt.\u201d \u201dNej, jag kan bli f\u00f6rkyld&#8221;. \u201dNej, jag k\u00e4nner att det k\u00e4nns lite konstigt i v\u00e4nster handled.\u201d \u201dJag m\u00e5ste l\u00e4sa en dikt av Verner Aspenstr\u00f6m f\u00f6rst. Vad \u00e4r det den heter nu, den handlar om en gr\u00e5sten.\u201d \u201dDet \u00e4r f\u00f6r varmt.\u201d \u201dDet \u00e4r f\u00f6r kallt.\u201d \u201dDet \u00e4r f\u00f6r glingt.\u201d \u201dJag \u00e4r r\u00e4dd att Fabricius \u00e4r ute och tr\u00e4nar och kommer i kapp mig, d\u00e5 m\u00e5ste jag h\u00e4nga p\u00e5 och springa och prata med honom en stund f\u00f6r han \u00e4r s\u00e5 trevlig och d\u00e5 sliter jag ut mig och Inger f\u00e5r h\u00e4mta mig med bilen.\u201d \u201dJag \u00e4r r\u00e4dd att det st\u00e5r en tant och r\u00f6ker utanf\u00f6r hyreshusen vid Geijersgatan och n\u00e4r jag kommer s\u00e5 s\u00e4ger hon \u2019d\u00e4 g\u00e5r tongt i da ser ja, ja vi blir inte yngre\u2019, det brukar hon s\u00e4ga.\u201d \u201dJag m\u00e5ste skriva p\u00e5 facebook om hur sv\u00e5rt det \u00e4r att komma iv\u00e4g.\u201d \u201dJag m\u00e5ste skriva p\u00e5 bloggen om det.\u201d \u201dDet \u00e4r fel tid p\u00e5 dagen.\u201d \u201dJag t\u00f6rs inte f\u00f6r det \u00e4r \u00e4lgjakt.\u201d \u201dNej det g\u00e5r inte, sotarn kommer i morgon.\u201d<\/em><\/p>\n<p>Vill du ha fler urs\u00e4kter? Det fina i kr\u00e5ks\u00e5ngen \u00e4r att n\u00e4r jag v\u00e4l tagit steget \u00f6ver tr\u00f6skeln \u00e4r alla urs\u00e4kter gl\u00f6mda. Fast i \u00e5r har jag en ny:<\/p>\n<p style=\"padding-left: 30px;\"><em>\u201dDu jag vet inte. Vi bor faktiskt i kanten av ett f\u00e4rskt vargrevir&#8230;&#8221;<\/em><\/p>\n<p>Den \u00e4r tung.<\/p>\n<p>&nbsp;<\/p>\n","protected":false},"excerpt":{"rendered":"<p>Jag \u00e4lskar att s\u00e4tta ena foten framf\u00f6r den andra, \u00f6ka frekvensen och b\u00f6rja lyfta b\u00e5da samtidigt och &#8211; springa. Kuta, lufsa, jogga, r\u00e4nna. Tidvis har l\u00f6pandet varit religion. Perioder i livet n\u00e4r jag blir l\u00f6pteoretiker, kilometersamlare och springfilosof. Allt p\u00e5 en g\u00e5ng. De brukar sluta med en m\u00e5lg\u00e5ng. Dessemellan har jag en mer sansad och &hellip; <a href=\"https:\/\/sven-ove.nu\/?p=5221\" class=\"more-link\">Forts\u00e4tt l\u00e4sa <span class=\"screen-reader-text\">Tips till dig som har sv\u00e5rt att ta dig \u00f6ver tr\u00f6skeln<\/span><\/a><\/p>\n","protected":false},"author":1,"featured_media":0,"comment_status":"open","ping_status":"open","sticky":false,"template":"","format":"standard","meta":{"_crdt_document":"","_monsterinsights_skip_tracking":false,"_monsterinsights_sitenote_active":false,"_monsterinsights_sitenote_note":"","_monsterinsights_sitenote_category":0,"footnotes":""},"categories":[5],"tags":[16,20],"class_list":["post-5221","post","type-post","status-publish","format-standard","hentry","category-lopning","tag-dumheter","tag-rad"],"_links":{"self":[{"href":"https:\/\/sven-ove.nu\/index.php?rest_route=\/wp\/v2\/posts\/5221","targetHints":{"allow":["GET"]}}],"collection":[{"href":"https:\/\/sven-ove.nu\/index.php?rest_route=\/wp\/v2\/posts"}],"about":[{"href":"https:\/\/sven-ove.nu\/index.php?rest_route=\/wp\/v2\/types\/post"}],"author":[{"embeddable":true,"href":"https:\/\/sven-ove.nu\/index.php?rest_route=\/wp\/v2\/users\/1"}],"replies":[{"embeddable":true,"href":"https:\/\/sven-ove.nu\/index.php?rest_route=%2Fwp%2Fv2%2Fcomments&post=5221"}],"version-history":[{"count":8,"href":"https:\/\/sven-ove.nu\/index.php?rest_route=\/wp\/v2\/posts\/5221\/revisions"}],"predecessor-version":[{"id":5233,"href":"https:\/\/sven-ove.nu\/index.php?rest_route=\/wp\/v2\/posts\/5221\/revisions\/5233"}],"wp:attachment":[{"href":"https:\/\/sven-ove.nu\/index.php?rest_route=%2Fwp%2Fv2%2Fmedia&parent=5221"}],"wp:term":[{"taxonomy":"category","embeddable":true,"href":"https:\/\/sven-ove.nu\/index.php?rest_route=%2Fwp%2Fv2%2Fcategories&post=5221"},{"taxonomy":"post_tag","embeddable":true,"href":"https:\/\/sven-ove.nu\/index.php?rest_route=%2Fwp%2Fv2%2Ftags&post=5221"}],"curies":[{"name":"wp","href":"https:\/\/api.w.org\/{rel}","templated":true}]}}