{"id":5284,"date":"2013-04-03T04:00:29","date_gmt":"2013-04-03T03:00:29","guid":{"rendered":"http:\/\/sven-ove.nu\/?p=5284"},"modified":"2013-04-02T05:16:58","modified_gmt":"2013-04-02T04:16:58","slug":"tankar-fran-en-solstol","status":"publish","type":"post","link":"https:\/\/sven-ove.nu\/?p=5284","title":{"rendered":"Tankar fr\u00e5n en solstol"},"content":{"rendered":"<p>Svenskar har en meters s\u00e4kerhetsavst\u00e5nd.<br \/>\nAlla andra har 37 centimeter.<\/p>\n<p style=\"padding-left: 30px;\">F\u00f6r trettio \u00e5r sedan var sulkyerna v\u00e4nda<br \/>\ns\u00e5 barnen kunde se pappa och mamma.<br \/>\nNu \u00e4r ungen v\u00e4nd<br \/>\noch f\u00e5r sitta spejare och ta f\u00f6rsta st\u00f6ten sj\u00e4lv.<br \/>\nDetta h\u00e4nde den veckan<br \/>\nd\u00e5 ordet \u201densam\u201d byttes ut mot \u201dsj\u00e4lv\u201d.<br \/>\nInget samband i \u00f6vrigt.<\/p>\n<p>Tornseglaren bryr sig inte om<br \/>\natt vara spansk eller svensk medborgare.<br \/>\nDen bara \u00e4r.<br \/>\nParar sig g\u00f6r den i luften<br \/>\nd\u00e4r inga gr\u00e4nser syns.<\/p>\n<p>&nbsp;<\/p>\n<p><a href=\"https:\/\/sven-ove.nu\/wp-content\/uploads\/2013\/04\/Jameos-del-Agua2.jpg\"><img loading=\"lazy\" decoding=\"async\" class=\"alignleft size-thumbnail wp-image-5285\" title=\"Jameos del Agua\" src=\"https:\/\/sven-ove.nu\/wp-content\/uploads\/2013\/04\/Jameos-del-Agua2-150x150.jpg\" alt=\"\" width=\"150\" height=\"150\" \/><\/a><\/p>\n<p>&nbsp;<\/p>\n<p>&nbsp;<\/p>\n<p>&nbsp;<\/p>\n<p>&nbsp;<\/p>\n","protected":false},"excerpt":{"rendered":"<p>Svenskar har en meters s\u00e4kerhetsavst\u00e5nd. Alla andra har 37 centimeter. F\u00f6r trettio \u00e5r sedan var sulkyerna v\u00e4nda s\u00e5 barnen kunde se pappa och mamma. Nu \u00e4r ungen v\u00e4nd och f\u00e5r sitta spejare och ta f\u00f6rsta st\u00f6ten sj\u00e4lv. Detta h\u00e4nde den veckan d\u00e5 ordet \u201densam\u201d byttes ut mot \u201dsj\u00e4lv\u201d. Inget samband i \u00f6vrigt. Tornseglaren bryr sig &hellip; <a href=\"https:\/\/sven-ove.nu\/?p=5284\" class=\"more-link\">Forts\u00e4tt l\u00e4sa <span class=\"screen-reader-text\">Tankar fr\u00e5n en solstol<\/span><\/a><\/p>\n","protected":false},"author":1,"featured_media":0,"comment_status":"open","ping_status":"open","sticky":false,"template":"","format":"standard","meta":{"_crdt_document":"","_monsterinsights_skip_tracking":false,"_monsterinsights_sitenote_active":false,"_monsterinsights_sitenote_note":"","_monsterinsights_sitenote_category":0,"footnotes":""},"categories":[6],"tags":[18,13],"class_list":["post-5284","post","type-post","status-publish","format-standard","hentry","category-natur","tag-lardomar","tag-utrustning"],"_links":{"self":[{"href":"https:\/\/sven-ove.nu\/index.php?rest_route=\/wp\/v2\/posts\/5284","targetHints":{"allow":["GET"]}}],"collection":[{"href":"https:\/\/sven-ove.nu\/index.php?rest_route=\/wp\/v2\/posts"}],"about":[{"href":"https:\/\/sven-ove.nu\/index.php?rest_route=\/wp\/v2\/types\/post"}],"author":[{"embeddable":true,"href":"https:\/\/sven-ove.nu\/index.php?rest_route=\/wp\/v2\/users\/1"}],"replies":[{"embeddable":true,"href":"https:\/\/sven-ove.nu\/index.php?rest_route=%2Fwp%2Fv2%2Fcomments&post=5284"}],"version-history":[{"count":4,"href":"https:\/\/sven-ove.nu\/index.php?rest_route=\/wp\/v2\/posts\/5284\/revisions"}],"predecessor-version":[{"id":5291,"href":"https:\/\/sven-ove.nu\/index.php?rest_route=\/wp\/v2\/posts\/5284\/revisions\/5291"}],"wp:attachment":[{"href":"https:\/\/sven-ove.nu\/index.php?rest_route=%2Fwp%2Fv2%2Fmedia&parent=5284"}],"wp:term":[{"taxonomy":"category","embeddable":true,"href":"https:\/\/sven-ove.nu\/index.php?rest_route=%2Fwp%2Fv2%2Fcategories&post=5284"},{"taxonomy":"post_tag","embeddable":true,"href":"https:\/\/sven-ove.nu\/index.php?rest_route=%2Fwp%2Fv2%2Ftags&post=5284"}],"curies":[{"name":"wp","href":"https:\/\/api.w.org\/{rel}","templated":true}]}}