{"id":5332,"date":"2013-04-11T03:00:40","date_gmt":"2013-04-11T02:00:40","guid":{"rendered":"http:\/\/sven-ove.nu\/?p=5332"},"modified":"2013-04-11T03:01:16","modified_gmt":"2013-04-11T02:01:16","slug":"alla-ar-inte-invandrare","status":"publish","type":"post","link":"https:\/\/sven-ove.nu\/?p=5332","title":{"rendered":"Alla \u00e4r inte invandrare"},"content":{"rendered":"<p>Titta noga p\u00e5 bilden p\u00e5 de tv\u00e5 som dansar och spelar p\u00e5 gatan.<strong> <\/strong>F\u00f6r mig symboliserar den n\u00e5gonting mycket m\u00e4nskligt. <em>Att vi trivs i solen?<\/em> Visst, men det \u00e4r inte det jag menar. <em>Att vi gillar att ha roligt? Att det \u00e4r kul att kl\u00e4 ut sig? Att musik \u00e4r viktigt?<\/em> Sant det ocks\u00e5 men nej, jag menar en annan sak. Du f\u00f6rst\u00e5r att\u2026<\/p>\n<p><strong> <\/strong><\/p>\n<p style=\"padding-left: 30px;\"><strong>Ny kr\u00f6nika p\u00e5 tankesmedjanida.se:<\/strong><br \/>\n<strong><a href=\"http:\/\/tankesmedjanida.se\/?chronicle=alla-manniskor-ar-inte-invandrare\">Alla m\u00e4nniskor \u00e4r inte invandrare<\/a><\/strong><\/p>\n<p style=\"padding-left: 30px;\"><strong><a href=\"http:\/\/tankesmedjanida.se\/?chronicle=alla-manniskor-ar-inte-invandrare\" target=\"_blank\"><img loading=\"lazy\" decoding=\"async\" class=\"alignleft size-thumbnail wp-image-5333\" title=\"Bild fr\u00e5n Tankesmedjan Ida\" src=\"https:\/\/sven-ove.nu\/wp-content\/uploads\/2013\/04\/Bild-fr\u00e5n-Tankesmedjan-Ida-150x150.png\" alt=\"\" width=\"150\" height=\"150\" \/><\/a><\/strong><\/p>\n<p style=\"padding-left: 30px;\">&nbsp;<\/p>\n<p style=\"padding-left: 30px;\">&nbsp;<\/p>\n<p style=\"padding-left: 30px;\">&nbsp;<\/p>\n<p style=\"padding-left: 30px;\"><strong><br \/>\n<\/strong><\/p>\n","protected":false},"excerpt":{"rendered":"<p>Titta noga p\u00e5 bilden p\u00e5 de tv\u00e5 som dansar och spelar p\u00e5 gatan. F\u00f6r mig symboliserar den n\u00e5gonting mycket m\u00e4nskligt. Att vi trivs i solen? Visst, men det \u00e4r inte det jag menar. Att vi gillar att ha roligt? Att det \u00e4r kul att kl\u00e4 ut sig? Att musik \u00e4r viktigt? Sant det ocks\u00e5 men &hellip; <a href=\"https:\/\/sven-ove.nu\/?p=5332\" class=\"more-link\">Forts\u00e4tt l\u00e4sa <span class=\"screen-reader-text\">Alla \u00e4r inte invandrare<\/span><\/a><\/p>\n","protected":false},"author":1,"featured_media":0,"comment_status":"open","ping_status":"open","sticky":false,"template":"","format":"standard","meta":{"_crdt_document":"","_monsterinsights_skip_tracking":false,"_monsterinsights_sitenote_active":false,"_monsterinsights_sitenote_note":"","_monsterinsights_sitenote_category":0,"footnotes":""},"categories":[9],"tags":[8,18,14],"class_list":["post-5332","post","type-post","status-publish","format-standard","hentry","category-politik","tag-historia","tag-lardomar","tag-lasning"],"_links":{"self":[{"href":"https:\/\/sven-ove.nu\/index.php?rest_route=\/wp\/v2\/posts\/5332","targetHints":{"allow":["GET"]}}],"collection":[{"href":"https:\/\/sven-ove.nu\/index.php?rest_route=\/wp\/v2\/posts"}],"about":[{"href":"https:\/\/sven-ove.nu\/index.php?rest_route=\/wp\/v2\/types\/post"}],"author":[{"embeddable":true,"href":"https:\/\/sven-ove.nu\/index.php?rest_route=\/wp\/v2\/users\/1"}],"replies":[{"embeddable":true,"href":"https:\/\/sven-ove.nu\/index.php?rest_route=%2Fwp%2Fv2%2Fcomments&post=5332"}],"version-history":[{"count":4,"href":"https:\/\/sven-ove.nu\/index.php?rest_route=\/wp\/v2\/posts\/5332\/revisions"}],"predecessor-version":[{"id":5335,"href":"https:\/\/sven-ove.nu\/index.php?rest_route=\/wp\/v2\/posts\/5332\/revisions\/5335"}],"wp:attachment":[{"href":"https:\/\/sven-ove.nu\/index.php?rest_route=%2Fwp%2Fv2%2Fmedia&parent=5332"}],"wp:term":[{"taxonomy":"category","embeddable":true,"href":"https:\/\/sven-ove.nu\/index.php?rest_route=%2Fwp%2Fv2%2Fcategories&post=5332"},{"taxonomy":"post_tag","embeddable":true,"href":"https:\/\/sven-ove.nu\/index.php?rest_route=%2Fwp%2Fv2%2Ftags&post=5332"}],"curies":[{"name":"wp","href":"https:\/\/api.w.org\/{rel}","templated":true}]}}