{"id":5338,"date":"2013-04-15T04:00:21","date_gmt":"2013-04-15T03:00:21","guid":{"rendered":"http:\/\/sven-ove.nu\/?p=5338"},"modified":"2013-04-11T11:34:08","modified_gmt":"2013-04-11T10:34:08","slug":"kop-en-karta-ambulanspolitiker","status":"publish","type":"post","link":"https:\/\/sven-ove.nu\/?p=5338","title":{"rendered":"K\u00f6p en karta, ambulanspolitiker"},"content":{"rendered":"<p>Ska du ha en ambulans p\u00e5 marken s\u00e5 \u00e4r det bra om den \u00e4r placerad n\u00e4ra de som beh\u00f6ver \u00e5ka med den. Ska du ha en ambulans i luften s\u00e5 \u00e4r det bra om den ocks\u00e5 \u00e4r placerad n\u00e4ra de som beh\u00f6ver \u00e5ka med den. Samt att det finns en markambulans som kan \u00e5ka n\u00e4r <a href=\"https:\/\/sven-ove.nu\/wp-content\/uploads\/2013\/04\/Centralortskarta2.jpg\"><img loading=\"lazy\" decoding=\"async\" class=\"alignright size-medium wp-image-5345\" title=\"Centralortskarta\" src=\"https:\/\/sven-ove.nu\/wp-content\/uploads\/2013\/04\/Centralortskarta2-229x300.jpg\" alt=\"\" width=\"229\" height=\"300\" srcset=\"https:\/\/sven-ove.nu\/wp-content\/uploads\/2013\/04\/Centralortskarta2-229x300.jpg 229w, https:\/\/sven-ove.nu\/wp-content\/uploads\/2013\/04\/Centralortskarta2-783x1024.jpg 783w\" sizes=\"auto, (max-width: 229px) 100vw, 229px\" \/><\/a>dimman stoppar flygningarna eller om den sjuke har blivit sjuk i t\u00e4ttbebyggt omr\u00e5de d\u00e4r det inte g\u00e5r att landa.<\/p>\n<p>Karlstad har m\u00e5nga goda sidor men en helikopterplatta d\u00e4r skulle hamna v\u00e4ldigt ocentralt f\u00f6r en h\u00f6ljesbo med hj\u00e4rtinfarkt.<\/p>\n<p>K\u00f6p en karta, ambulanspolitiker.<br \/>\nEller en stegr\u00e4knare.<\/p>\n<p>B\u00f6rja g\u00e5.<\/p>\n<p style=\"padding-left: 60px;\"><em>\u2026 aprop\u00e5 diskussionen i V\u00e4rmland om var en t\u00e4nkt <strong>ambulanshelikopter<\/strong> ska placeras, Karlstad (bygge f\u00f6r 40 miljoner) eller Torsby. Samtidigt som diskussionen g\u00e5r om att <strong>minska<\/strong> antalet markambulanser. Som SOS-operat\u00f6r har jag varit med om att tillf\u00e4lligt t\u00f6mma en v\u00e4rml\u00e4ndsk stad p\u00e5 ambulanser en m\u00f6rk natt. Det \u00e4r inte en upplevelse jag \u00f6nskar n\u00e5gon medm\u00e4nniska.<\/em><\/p>\n","protected":false},"excerpt":{"rendered":"<p>Ska du ha en ambulans p\u00e5 marken s\u00e5 \u00e4r det bra om den \u00e4r placerad n\u00e4ra de som beh\u00f6ver \u00e5ka med den. Ska du ha en ambulans i luften s\u00e5 \u00e4r det bra om den ocks\u00e5 \u00e4r placerad n\u00e4ra de som beh\u00f6ver \u00e5ka med den. Samt att det finns en markambulans som kan \u00e5ka n\u00e4r &hellip; <a href=\"https:\/\/sven-ove.nu\/?p=5338\" class=\"more-link\">Forts\u00e4tt l\u00e4sa <span class=\"screen-reader-text\">K\u00f6p en karta, ambulanspolitiker<\/span><\/a><\/p>\n","protected":false},"author":1,"featured_media":0,"comment_status":"open","ping_status":"open","sticky":false,"template":"","format":"standard","meta":{"_crdt_document":"","_monsterinsights_skip_tracking":false,"_monsterinsights_sitenote_active":false,"_monsterinsights_sitenote_note":"","_monsterinsights_sitenote_category":0,"footnotes":""},"categories":[9],"tags":[25,20,17],"class_list":["post-5338","post","type-post","status-publish","format-standard","hentry","category-politik","tag-kartan","tag-rad","tag-solidaritet"],"_links":{"self":[{"href":"https:\/\/sven-ove.nu\/index.php?rest_route=\/wp\/v2\/posts\/5338","targetHints":{"allow":["GET"]}}],"collection":[{"href":"https:\/\/sven-ove.nu\/index.php?rest_route=\/wp\/v2\/posts"}],"about":[{"href":"https:\/\/sven-ove.nu\/index.php?rest_route=\/wp\/v2\/types\/post"}],"author":[{"embeddable":true,"href":"https:\/\/sven-ove.nu\/index.php?rest_route=\/wp\/v2\/users\/1"}],"replies":[{"embeddable":true,"href":"https:\/\/sven-ove.nu\/index.php?rest_route=%2Fwp%2Fv2%2Fcomments&post=5338"}],"version-history":[{"count":10,"href":"https:\/\/sven-ove.nu\/index.php?rest_route=\/wp\/v2\/posts\/5338\/revisions"}],"predecessor-version":[{"id":5346,"href":"https:\/\/sven-ove.nu\/index.php?rest_route=\/wp\/v2\/posts\/5338\/revisions\/5346"}],"wp:attachment":[{"href":"https:\/\/sven-ove.nu\/index.php?rest_route=%2Fwp%2Fv2%2Fmedia&parent=5338"}],"wp:term":[{"taxonomy":"category","embeddable":true,"href":"https:\/\/sven-ove.nu\/index.php?rest_route=%2Fwp%2Fv2%2Fcategories&post=5338"},{"taxonomy":"post_tag","embeddable":true,"href":"https:\/\/sven-ove.nu\/index.php?rest_route=%2Fwp%2Fv2%2Ftags&post=5338"}],"curies":[{"name":"wp","href":"https:\/\/api.w.org\/{rel}","templated":true}]}}