{"id":5353,"date":"2013-04-13T04:00:32","date_gmt":"2013-04-13T03:00:32","guid":{"rendered":"http:\/\/sven-ove.nu\/?p=5353"},"modified":"2013-04-11T20:44:27","modified_gmt":"2013-04-11T19:44:27","slug":"vikten-av-hog-densitet-pa-en-semesterbok","status":"publish","type":"post","link":"https:\/\/sven-ove.nu\/?p=5353","title":{"rendered":"Vikten av h\u00f6g densitet p\u00e5 en semesterbok"},"content":{"rendered":"<p><strong> <\/strong><\/p>\n<p>En bok som jag tar med mig p\u00e5 semesterresan ska ha h\u00f6g densitet. Det m\u00e5ste vara mycket l\u00e4supplevelse per fraktat hekto. Allts\u00e5 tog jag med mig Lasse Bergs <strong><em><a href=\"http:\/\/www.bokus.com\/bok\/9789170376474\/skymningssang-i-kalahari-hur-manniskan-bytte-tillvaro\/\">Skymningss\u00e5ng i Kalahari<\/a><\/em><\/strong><em> &#8211; Hur m\u00e4nniskan bytte tillvaro <\/em>till Lanzarote. Jag hade f\u00e5tt den som pocket i f\u00f6delsedagspresent.<\/p>\n<p>F\u00f6r ett tag sedan skrev jag om hans tidigare bok <a href=\"https:\/\/sven-ove.nu\/?p=3733\"><strong><em>Gryning \u00f6ver Kalari<\/em><\/strong><\/a><em> &#8211; Hur m\u00e4nniskan blev m\u00e4nniska<\/em>. Den, d\u00e4r han bland annat ber\u00e4ttade om vilken uppfinning som kanske betytt mest i m\u00e4nniskans historia. V\u00e4skan. Vi var ju j\u00e4gare och samlare i n\u00e4stan hela v\u00e5r historia, hittills. D\u00e5 g\u00f6r v\u00e4skan av antilopskinn skillnad.<\/p>\n<p><strong><a href=\"https:\/\/sven-ove.nu\/wp-content\/uploads\/2013\/04\/Skymningss\u00e5ng-i-Kalahari.jpg\"><img loading=\"lazy\" decoding=\"async\" class=\"alignright size-medium wp-image-5354\" title=\"Skymningss\u00e5ng i Kalahari\" src=\"https:\/\/sven-ove.nu\/wp-content\/uploads\/2013\/04\/Skymningss\u00e5ng-i-Kalahari-220x300.jpg\" alt=\"\" width=\"220\" height=\"300\" srcset=\"https:\/\/sven-ove.nu\/wp-content\/uploads\/2013\/04\/Skymningss\u00e5ng-i-Kalahari-220x300.jpg 220w, https:\/\/sven-ove.nu\/wp-content\/uploads\/2013\/04\/Skymningss\u00e5ng-i-Kalahari-752x1024.jpg 752w, https:\/\/sven-ove.nu\/wp-content\/uploads\/2013\/04\/Skymningss\u00e5ng-i-Kalahari.jpg 1079w\" sizes=\"auto, (max-width: 220px) 100vw, 220px\" \/><\/a>Ingen hierarki, inga f\u00f6rm\u00f6genheter<br \/>\n<\/strong>Jag hade f\u00e5tt anstr\u00e4nga mig f\u00f6r att inte b\u00f6rja l\u00e4sa uppf\u00f6ljaren i f\u00f6rv\u00e4g, innan resan. Den f\u00f6rsta var s\u00e5 bra. Nu satt jag p\u00e5 en kanarie\u00f6 tolv mil fr\u00e5n Afrika och slukade boken, \u00e4ntligen.<\/p>\n<p>L\u00e4ste om m\u00e4nniskans historia, fr\u00e5n de f\u00f6rsta stapplande stegen p\u00e5 tv\u00e5 ben, f\u00f6rv\u00e5nansv\u00e4rt nog medan vi fortfarande var tr\u00e4dkl\u00e4ttrare. L\u00e4ste om hur m\u00e4nniskan knappast startade n\u00e5gra krig under en mycket stor del av sin historia, inte s\u00e5 l\u00e4nge vi var j\u00e4gare och samlare och saknade hierarkier och m\u00f6jlighet att lagra n\u00e5gra f\u00f6rm\u00f6genheter. Krigen kom p\u00e5 allvar med jordbruket, precis som klassamh\u00e4llet. L\u00e4ste om hur v\u00e5ra f\u00f6rf\u00e4der levde i grupper p\u00e5 20-30 stycken som drog omkring med alla sina f\u00e5 \u00e4godelar p\u00e5 ryggen och jobbade n\u00e5gra timmar om dagen bara. Resten av tiden pratade vi och skrattade.<\/p>\n<p style=\"padding-left: 30px;\"><em>\u201dM\u00e4nniskan \u00e4r av naturen en glad skit. De som under evolutionens g\u00e5ng har t\u00e4nkt att \u2019det l\u00f6nar sig inte att g\u00e5 ut och leta r\u00f6tter f\u00f6r d\u00e5 kommer jag s\u00e4kert att bli lejonmat\u2019 och i st\u00e4llet stannat hemma och surat har inte haft s\u00e5 stora chanser att vidarebefordra sina pessimist-gener. De d\u00e4r obotliga optimisterna d\u00e4remot som vaknar med en s\u00e5ng p\u00e5 l\u00e4pparna och t\u00e4nker att \u2019vad sjutton, det fixar sig nog!\u2019 och d\u00e4refter gett sig ut i vardagen f\u00f6r att skaffa mat \u00e5t sig och de sina har troligen haft en b\u00e4ttre chans att f\u00e5 vakna upp n\u00e4sta dag.\u201d<\/em><\/p>\n<p><strong>En enda revolution?<br \/>\n<\/strong><a href=\"http:\/\/sv.wikipedia.org\/wiki\/Lasse_Berg\">Lasse Berg<\/a> skriver vackert, nyfiket och kunnigt. Ibland kom jag p\u00e5 mig sj\u00e4lv med att ligga inne p\u00e5 hotellrummet och bara njuta av l\u00e4sningen, gl\u00f6msk av att jag befann mig p\u00e5 solresa och borde g\u00e5 ut. Boken hindrade mig.<\/p>\n<p>Allt hade ju b\u00f6rjat s\u00e5 bra:<\/p>\n<p style=\"padding-left: 30px;\"><em>\u201dI \u00e5rmiljoner drog v\u00e5ra f\u00f6rf\u00e4der omkring p\u00e5 vidderna i sm\u00e5 j\u00e4mlika g\u00e4ng d\u00e4r alla var beroende av varandra. Inga lager, ingen produktion av mat. Ur hand i mun. Frosseri en dag, knorrande mage n\u00e4sta. Historier i skymningen. Och s\u00e5 pl\u00f6tsligt denna neolitiska revolution, m\u00e4nniskans enda verkliga i ordets djupaste betydelse, n\u00e4r den invanda tillvaron rycks upp med r\u00f6tterna, f\u00f6r att v\u00e4ndas upp och ner. Ingen f\u00f6r\u00e4ndring var mer omv\u00e4lvande \u00e4n den skiktning av m\u00e4nniskorna som f\u00f6ljde n\u00e4r det stora pyramidformade samh\u00e4llet uppstod.\u201d<\/em><\/p>\n<p><em> <\/em><\/p>\n<p style=\"padding-left: 30px;\"><em>\u201dM\u00e4nniskan som i \u00e5rmiljoner str\u00f6vat fritt och sjungande mellan horisonterna, med sitt livs samlade tillh\u00f6righeter i ett knyte \u00f6ver axeln, byggde p\u00e5 n\u00e5gra tusen \u00e5r under taktfasta kommandorop upp murar och staket mellan varandra. Livet handlade inte l\u00e4ngre om att hj\u00e4lpa varandra, utan om att ha makt och tillh\u00f6righeter.\u201d<\/em><\/p>\n<p><em> <\/em><\/p>\n<p>S\u00e5 kort tid tog det.<\/p>\n<p><strong><a href=\"https:\/\/sven-ove.nu\/wp-content\/uploads\/2013\/04\/Skymningss\u00e5ng-i-Kalahari1.jpg\"><img loading=\"lazy\" decoding=\"async\" class=\"alignleft size-medium wp-image-5355\" title=\"Skymningss\u00e5ng i Kalahari\" src=\"https:\/\/sven-ove.nu\/wp-content\/uploads\/2013\/04\/Skymningss\u00e5ng-i-Kalahari1-220x300.jpg\" alt=\"\" width=\"220\" height=\"300\" srcset=\"https:\/\/sven-ove.nu\/wp-content\/uploads\/2013\/04\/Skymningss\u00e5ng-i-Kalahari1-220x300.jpg 220w, https:\/\/sven-ove.nu\/wp-content\/uploads\/2013\/04\/Skymningss\u00e5ng-i-Kalahari1-752x1024.jpg 752w, https:\/\/sven-ove.nu\/wp-content\/uploads\/2013\/04\/Skymningss\u00e5ng-i-Kalahari1.jpg 1079w\" sizes=\"auto, (max-width: 220px) 100vw, 220px\" \/><\/a>De enda som inte invandrat<br \/>\n<\/strong>I den f\u00f6rra boken var det v\u00e4skan som var den stora aha-upplevelsen, bland m\u00e5nga andra. I den h\u00e4r boken \u00e4r det en annan uppgift. Detta att det finns ett folk, ett enda i hela v\u00e4rlden, som inte \u00e4r invandrare.<\/p>\n<p>Vilka det \u00e4r f\u00e5r du l\u00e4sa sj\u00e4lv. Det \u00e4r inte Jimmie \u00c5kesson och andra \u201dhelsvenskar\u201d i alla fall, s\u00e5 mycket kan jag avsl\u00f6ja. De h\u00e4r medm\u00e4nniskorna har betydligt svartare skinn.<\/p>\n<p><strong>Tre m\u00e4nskliga krav<br \/>\n<\/strong>N\u00e4r jag kommer hem tar jag upp boken igen och bl\u00e4ddrar fram mina favoritst\u00e4llen. Tre saker pr\u00e4glar m\u00e4nniskan, f\u00f6rutom kraven p\u00e5 mat, v\u00e4rme, fortplantning och trygghet, skriver f\u00f6rfattaren:<\/p>\n<p><strong>&#8211; Vi vill tillh\u00f6ra en grupp. <\/strong><br \/>\n<strong> &#8211; Vi m\u00e5ste f\u00e5 kommunicera. <\/strong><br \/>\n<strong> &#8211; L\u00e4ttja.<\/strong><\/p>\n<p>L\u00e4s g\u00e4rna boken du med. F\u00f6r mig \u00e4r Lasse Berg en ny husgud. Det har jag inte m\u00e5nga.<\/p>\n<p>&nbsp;<\/p>\n<p style=\"padding-left: 30px;\"><strong><em>L\u00e4nk. <\/em><\/strong><em>Kr\u00f6nika till Tankesmedjan Ida:<br \/>\n<\/em><a href=\"http:\/\/tankesmedjanida.se\/?chronicle=alla-manniskor-ar-inte-invandrare\">Alla m\u00e4nniskor \u00e4r inte invandrare<\/a><\/p>\n","protected":false},"excerpt":{"rendered":"<p>En bok som jag tar med mig p\u00e5 semesterresan ska ha h\u00f6g densitet. Det m\u00e5ste vara mycket l\u00e4supplevelse per fraktat hekto. Allts\u00e5 tog jag med mig Lasse Bergs Skymningss\u00e5ng i Kalahari &#8211; Hur m\u00e4nniskan bytte tillvaro till Lanzarote. Jag hade f\u00e5tt den som pocket i f\u00f6delsedagspresent. F\u00f6r ett tag sedan skrev jag om hans tidigare &hellip; <a href=\"https:\/\/sven-ove.nu\/?p=5353\" class=\"more-link\">Forts\u00e4tt l\u00e4sa <span class=\"screen-reader-text\">Vikten av h\u00f6g densitet p\u00e5 en semesterbok<\/span><\/a><\/p>\n","protected":false},"author":1,"featured_media":0,"comment_status":"open","ping_status":"open","sticky":false,"template":"","format":"standard","meta":{"_crdt_document":"","_monsterinsights_skip_tracking":false,"_monsterinsights_sitenote_active":false,"_monsterinsights_sitenote_note":"","_monsterinsights_sitenote_category":0,"footnotes":""},"categories":[6,4],"tags":[8,18,14],"class_list":["post-5353","post","type-post","status-publish","format-standard","hentry","category-natur","category-skrivande","tag-historia","tag-lardomar","tag-lasning"],"_links":{"self":[{"href":"https:\/\/sven-ove.nu\/index.php?rest_route=\/wp\/v2\/posts\/5353","targetHints":{"allow":["GET"]}}],"collection":[{"href":"https:\/\/sven-ove.nu\/index.php?rest_route=\/wp\/v2\/posts"}],"about":[{"href":"https:\/\/sven-ove.nu\/index.php?rest_route=\/wp\/v2\/types\/post"}],"author":[{"embeddable":true,"href":"https:\/\/sven-ove.nu\/index.php?rest_route=\/wp\/v2\/users\/1"}],"replies":[{"embeddable":true,"href":"https:\/\/sven-ove.nu\/index.php?rest_route=%2Fwp%2Fv2%2Fcomments&post=5353"}],"version-history":[{"count":7,"href":"https:\/\/sven-ove.nu\/index.php?rest_route=\/wp\/v2\/posts\/5353\/revisions"}],"predecessor-version":[{"id":5362,"href":"https:\/\/sven-ove.nu\/index.php?rest_route=\/wp\/v2\/posts\/5353\/revisions\/5362"}],"wp:attachment":[{"href":"https:\/\/sven-ove.nu\/index.php?rest_route=%2Fwp%2Fv2%2Fmedia&parent=5353"}],"wp:term":[{"taxonomy":"category","embeddable":true,"href":"https:\/\/sven-ove.nu\/index.php?rest_route=%2Fwp%2Fv2%2Fcategories&post=5353"},{"taxonomy":"post_tag","embeddable":true,"href":"https:\/\/sven-ove.nu\/index.php?rest_route=%2Fwp%2Fv2%2Ftags&post=5353"}],"curies":[{"name":"wp","href":"https:\/\/api.w.org\/{rel}","templated":true}]}}