{"id":5368,"date":"2013-04-19T04:00:31","date_gmt":"2013-04-19T03:00:31","guid":{"rendered":"http:\/\/sven-ove.nu\/?p=5368"},"modified":"2013-04-18T17:14:00","modified_gmt":"2013-04-18T16:14:00","slug":"har-utses-en-statschef","status":"publish","type":"post","link":"https:\/\/sven-ove.nu\/?p=5368","title":{"rendered":"H\u00e4r utses en statschef"},"content":{"rendered":"<p><a href=\"https:\/\/sven-ove.nu\/wp-content\/uploads\/2013\/04\/H\u00e4r-utses-en-statschef1.jpg\"><img loading=\"lazy\" decoding=\"async\" class=\"alignleft size-full wp-image-5370\" title=\"H\u00e4r utses en statschef\" src=\"https:\/\/sven-ove.nu\/wp-content\/uploads\/2013\/04\/H\u00e4r-utses-en-statschef1.jpg\" alt=\"\" width=\"717\" height=\"960\" srcset=\"https:\/\/sven-ove.nu\/wp-content\/uploads\/2013\/04\/H\u00e4r-utses-en-statschef1.jpg 717w, https:\/\/sven-ove.nu\/wp-content\/uploads\/2013\/04\/H\u00e4r-utses-en-statschef1-224x300.jpg 224w\" sizes=\"auto, (max-width: 717px) 100vw, 717px\" \/><\/a><\/p>\n<p>Annons fr\u00e5n Unga republikaner.\u00a0G\u00e5 g\u00e4rna in p\u00e5 deras webbplats <a href=\"http:\/\/ungarepublikaner.se\/\">ungarepublikaner.se<\/a>. F\u00f6reningen \u00e4r en frist\u00e5ende ungdomsorganisation som vill inf\u00f6ra republik i Sverige och samarbetar med <a href=\"http:\/\/repf.se\/\">Republikanska F\u00f6reningen<\/a>.\u00a0Man f\u00f6rs\u00f6ker v\u00e4cka engagemang hos unga som vill demokratisera statsskicket.<\/p>\n<p>Sj\u00e4lv f\u00e4ste jag mig mest f\u00f6r en formulering i presentationen av f\u00f6rre ordf\u00f6randen, Linnea Frank: \u201dP\u00e5 fritiden spelar hon teater och \u00e4r d\u00e4rf\u00f6r v\u00e4l insatt i kungafamiljens vardag. Som liberal tycker hon att det \u00e4r sj\u00e4lvklart att all offentlig makt ska utg\u00e5 fr\u00e5n folket.\u201d<\/p>\n<p>Klokt och roligt skrivet om v\u00e5rt konceptionella statsskick.<\/p>\n","protected":false},"excerpt":{"rendered":"<p>Annons fr\u00e5n Unga republikaner.\u00a0G\u00e5 g\u00e4rna in p\u00e5 deras webbplats ungarepublikaner.se. F\u00f6reningen \u00e4r en frist\u00e5ende ungdomsorganisation som vill inf\u00f6ra republik i Sverige och samarbetar med Republikanska F\u00f6reningen.\u00a0Man f\u00f6rs\u00f6ker v\u00e4cka engagemang hos unga som vill demokratisera statsskicket. Sj\u00e4lv f\u00e4ste jag mig mest f\u00f6r en formulering i presentationen av f\u00f6rre ordf\u00f6randen, Linnea Frank: \u201dP\u00e5 fritiden spelar hon teater &hellip; <a href=\"https:\/\/sven-ove.nu\/?p=5368\" class=\"more-link\">Forts\u00e4tt l\u00e4sa <span class=\"screen-reader-text\">H\u00e4r utses en statschef<\/span><\/a><\/p>\n","protected":false},"author":1,"featured_media":0,"comment_status":"open","ping_status":"open","sticky":false,"template":"","format":"standard","meta":{"_crdt_document":"","_monsterinsights_skip_tracking":false,"_monsterinsights_sitenote_active":false,"_monsterinsights_sitenote_note":"","_monsterinsights_sitenote_category":0,"footnotes":""},"categories":[9,4],"tags":[14,15],"class_list":["post-5368","post","type-post","status-publish","format-standard","hentry","category-politik","category-skrivande","tag-lasning","tag-mediedjungeln"],"_links":{"self":[{"href":"https:\/\/sven-ove.nu\/index.php?rest_route=\/wp\/v2\/posts\/5368","targetHints":{"allow":["GET"]}}],"collection":[{"href":"https:\/\/sven-ove.nu\/index.php?rest_route=\/wp\/v2\/posts"}],"about":[{"href":"https:\/\/sven-ove.nu\/index.php?rest_route=\/wp\/v2\/types\/post"}],"author":[{"embeddable":true,"href":"https:\/\/sven-ove.nu\/index.php?rest_route=\/wp\/v2\/users\/1"}],"replies":[{"embeddable":true,"href":"https:\/\/sven-ove.nu\/index.php?rest_route=%2Fwp%2Fv2%2Fcomments&post=5368"}],"version-history":[{"count":4,"href":"https:\/\/sven-ove.nu\/index.php?rest_route=\/wp\/v2\/posts\/5368\/revisions"}],"predecessor-version":[{"id":5386,"href":"https:\/\/sven-ove.nu\/index.php?rest_route=\/wp\/v2\/posts\/5368\/revisions\/5386"}],"wp:attachment":[{"href":"https:\/\/sven-ove.nu\/index.php?rest_route=%2Fwp%2Fv2%2Fmedia&parent=5368"}],"wp:term":[{"taxonomy":"category","embeddable":true,"href":"https:\/\/sven-ove.nu\/index.php?rest_route=%2Fwp%2Fv2%2Fcategories&post=5368"},{"taxonomy":"post_tag","embeddable":true,"href":"https:\/\/sven-ove.nu\/index.php?rest_route=%2Fwp%2Fv2%2Ftags&post=5368"}],"curies":[{"name":"wp","href":"https:\/\/api.w.org\/{rel}","templated":true}]}}