{"id":5423,"date":"2013-04-26T04:00:45","date_gmt":"2013-04-26T03:00:45","guid":{"rendered":"http:\/\/sven-ove.nu\/?p=5423"},"modified":"2013-04-27T03:03:12","modified_gmt":"2013-04-27T02:03:12","slug":"hur-gor-du-nar-du-kommer-till-lyckan","status":"publish","type":"post","link":"https:\/\/sven-ove.nu\/?p=5423","title":{"rendered":"Hur g\u00f6r du n\u00e4r du kommer till Lyckan?"},"content":{"rendered":"<p><a href=\"https:\/\/sven-ove.nu\/wp-content\/uploads\/2013\/04\/Andh\u00e5llplats.jpg\"><img loading=\"lazy\" decoding=\"async\" class=\"alignleft size-large wp-image-5424\" title=\"Andh\u00e5llplats\" src=\"https:\/\/sven-ove.nu\/wp-content\/uploads\/2013\/04\/Andh\u00e5llplats-1024x677.jpg\" alt=\"\" width=\"640\" height=\"423\" srcset=\"https:\/\/sven-ove.nu\/wp-content\/uploads\/2013\/04\/Andh\u00e5llplats-1024x677.jpg 1024w, https:\/\/sven-ove.nu\/wp-content\/uploads\/2013\/04\/Andh\u00e5llplats-300x198.jpg 300w, https:\/\/sven-ove.nu\/wp-content\/uploads\/2013\/04\/Andh\u00e5llplats.jpg 1580w\" sizes=\"auto, (max-width: 640px) 100vw, 640px\" \/><\/a><\/p>\n<p style=\"padding-left: 30px;\"><em>V\u00e5r kommuns egen andh\u00e5llplats.<\/em><\/p>\n<p>I trettio \u00e5r har jag bott i Forshaga. F\u00e4rdats v\u00e4g 62 s\u00f6derut mot Karlstad tusentals g\u00e5nger och lika m\u00e5nga g\u00e5nger tillbaka. Men inte har jag fattat vad det \u00e4r man ska g\u00f6ra.<\/p>\n<p>S\u00e5h\u00e4r \u00e4r det. Jag \u00e4r en lagom tjock man i sina b\u00e4sta \u00e5r. Jag gillar vandringshistorier och folkliga sedv\u00e4njor. N\u00e5gon g\u00e5ng har jag till och med varit uppgiftsl\u00e4mnare till m\u00e4staren sj\u00e4lv, <a href=\"http:\/\/sv.wikipedia.org\/wiki\/Bengt_af_Klintberg\" target=\"_blank\">Bengt af Klintberg<\/a>.<\/p>\n<p>Jag spottar tre g\u00e5nger n\u00e4r en katt g\u00e5r \u00f6ver v\u00e4gen. Tar i tr\u00e4 stup i kvarten. Talar aldrig om trollen, f\u00f6r d\u00e5 har man dom i farstun. Men &#8211; Lyckan har jag missat fullst\u00e4ndigt.<\/p>\n<p><strong>Fr\u00e5n skylt till skylt<br \/>\n<\/strong>Det \u00e4r p\u00e5 jobbet. Vi kommer att tala om ett d\u00f6tt djur vi sett efter v\u00e4gen. R\u00e5djuret l\u00e5g p\u00e5 v\u00e4grenen, mitt p\u00e5 rakan, s\u00e4ger jag. <em>\u201dVilken raka?\u201d<\/em> fr\u00e5gar de. <em>\u201dVid Lyckan\u201d<\/em> svarar jag. Kamraterna vet f\u00f6rst\u00e5s att detta \u00e4r en mindre ort vid en rakstr\u00e4cka s\u00f6der om Forshaga.<\/p>\n<p>D\u00e5 s\u00e4ger de det. <em>\u201dJas\u00e5 Lyckan. Du menar d\u00e4r man ska h\u00e5lla andan.\u201d<\/em><\/p>\n<p style=\"padding-left: 30px;\"><strong>I \u00e5r efter \u00e5r har folk h\u00e5llit andan n\u00e4r de passerat Lyckan och jag har inte haft en aning om det. Du ska b\u00f6rja vid ortskylten Lyckan och sedan f\u00e5r du inte andas igen f\u00f6rr\u00e4n du passerar n\u00e4sta skylt p\u00e5 andra sidan byn. Klarar du det f\u00e5r du \u00f6nska vad du vill, men du f\u00e5r inte ber\u00e4tta f\u00f6r n\u00e5gon vad du \u00f6nskat.<\/strong><\/p>\n<p><strong>Nordligare sed?<br \/>\n<\/strong>En lysande rolig sed som jag allts\u00e5 aldrig h\u00f6rt talas om. Varenda munkforsing jag fr\u00e5gar k\u00e4nner till den, men ingen i Forshaga.<\/p>\n<p>Kan det vara s\u00e5 enkelt att den bara \u00e4r k\u00e4nd f\u00f6r folk som har l\u00e4ngre till Karlstad och beh\u00f6ver n\u00e5got sp\u00e4nnande att l\u00e4tta upp resan med?<\/p>\n<p>Jag undrar s\u00e5 \u00f6ver detta.<\/p>\n<p>&nbsp;<\/p>\n<p style=\"padding-left: 30px;\"><em>Lycka<\/em><em>: inh\u00e4gnad mindre \u00e5ker eller \u00e4ng.<br \/>\nLyckan: vanligt ortnamn.<\/em><\/p>\n<p style=\"padding-left: 30px;\"><em>PS 27 april: efter att m\u00e5nga kommenterat p\u00e5 facebook och i verkliga livet har jag f\u00e5tt l\u00e4ra mig att seden finns i Forshaga med, och att den \u00e4r gammal. Sp\u00e4nnande! DS.<\/em><\/p>\n","protected":false},"excerpt":{"rendered":"<p>V\u00e5r kommuns egen andh\u00e5llplats. I trettio \u00e5r har jag bott i Forshaga. F\u00e4rdats v\u00e4g 62 s\u00f6derut mot Karlstad tusentals g\u00e5nger och lika m\u00e5nga g\u00e5nger tillbaka. Men inte har jag fattat vad det \u00e4r man ska g\u00f6ra. S\u00e5h\u00e4r \u00e4r det. Jag \u00e4r en lagom tjock man i sina b\u00e4sta \u00e5r. Jag gillar vandringshistorier och folkliga sedv\u00e4njor. &hellip; <a href=\"https:\/\/sven-ove.nu\/?p=5423\" class=\"more-link\">Forts\u00e4tt l\u00e4sa <span class=\"screen-reader-text\">Hur g\u00f6r du n\u00e4r du kommer till Lyckan?<\/span><\/a><\/p>\n","protected":false},"author":1,"featured_media":0,"comment_status":"open","ping_status":"open","sticky":false,"template":"","format":"standard","meta":{"_crdt_document":"","_monsterinsights_skip_tracking":false,"_monsterinsights_sitenote_active":false,"_monsterinsights_sitenote_note":"","_monsterinsights_sitenote_category":0,"footnotes":""},"categories":[10],"tags":[8,18,20],"class_list":["post-5423","post","type-post","status-publish","format-standard","hentry","category-familjen","tag-historia","tag-lardomar","tag-rad"],"_links":{"self":[{"href":"https:\/\/sven-ove.nu\/index.php?rest_route=\/wp\/v2\/posts\/5423","targetHints":{"allow":["GET"]}}],"collection":[{"href":"https:\/\/sven-ove.nu\/index.php?rest_route=\/wp\/v2\/posts"}],"about":[{"href":"https:\/\/sven-ove.nu\/index.php?rest_route=\/wp\/v2\/types\/post"}],"author":[{"embeddable":true,"href":"https:\/\/sven-ove.nu\/index.php?rest_route=\/wp\/v2\/users\/1"}],"replies":[{"embeddable":true,"href":"https:\/\/sven-ove.nu\/index.php?rest_route=%2Fwp%2Fv2%2Fcomments&post=5423"}],"version-history":[{"count":7,"href":"https:\/\/sven-ove.nu\/index.php?rest_route=\/wp\/v2\/posts\/5423\/revisions"}],"predecessor-version":[{"id":5484,"href":"https:\/\/sven-ove.nu\/index.php?rest_route=\/wp\/v2\/posts\/5423\/revisions\/5484"}],"wp:attachment":[{"href":"https:\/\/sven-ove.nu\/index.php?rest_route=%2Fwp%2Fv2%2Fmedia&parent=5423"}],"wp:term":[{"taxonomy":"category","embeddable":true,"href":"https:\/\/sven-ove.nu\/index.php?rest_route=%2Fwp%2Fv2%2Fcategories&post=5423"},{"taxonomy":"post_tag","embeddable":true,"href":"https:\/\/sven-ove.nu\/index.php?rest_route=%2Fwp%2Fv2%2Ftags&post=5423"}],"curies":[{"name":"wp","href":"https:\/\/api.w.org\/{rel}","templated":true}]}}