{"id":5431,"date":"2013-04-24T04:00:20","date_gmt":"2013-04-24T03:00:20","guid":{"rendered":"http:\/\/sven-ove.nu\/?p=5431"},"modified":"2013-04-26T15:05:49","modified_gmt":"2013-04-26T14:05:49","slug":"hat-black-rosengard","status":"publish","type":"post","link":"https:\/\/sven-ove.nu\/?p=5431","title":{"rendered":"Hat &#038; bl\u00e4ck &#038; Roseng\u00e5rd"},"content":{"rendered":"<p><a href=\"https:\/\/sven-ove.nu\/wp-content\/uploads\/2013\/04\/Kristian-Lundberg.jpg\"><img loading=\"lazy\" decoding=\"async\" class=\"alignleft size-large wp-image-5432\" title=\"Kristian Lundberg\" src=\"https:\/\/sven-ove.nu\/wp-content\/uploads\/2013\/04\/Kristian-Lundberg-1024x370.jpg\" alt=\"\" width=\"640\" height=\"231\" srcset=\"https:\/\/sven-ove.nu\/wp-content\/uploads\/2013\/04\/Kristian-Lundberg-1024x370.jpg 1024w, https:\/\/sven-ove.nu\/wp-content\/uploads\/2013\/04\/Kristian-Lundberg-300x108.jpg 300w, https:\/\/sven-ove.nu\/wp-content\/uploads\/2013\/04\/Kristian-Lundberg.jpg 1584w\" sizes=\"auto, (max-width: 640px) 100vw, 640px\" \/><\/a><\/p>\n<p>Varf\u00f6r har <strong>Zlatan Ibrahimovic<\/strong> blivit som han \u00e4r? Hur mycket har hans uppv\u00e4xt i ett fattigt Roseng\u00e5rd pr\u00e4glat honom? H\u00e4rom \u00e5ret kom boken <a href=\"http:\/\/www.bokus.com\/bok\/9789100126537\/jag-ar-zlatan-zlatans-egen-berattelse\/\">Jag \u00e4r Zlatan<\/a> d\u00e4r f\u00f6rfattaren <strong>David Lagercrantz<\/strong> hj\u00e4lper fotbollsspelaren att ber\u00e4tta om sitt liv.<\/p>\n<p>Jag har v\u00e4nner som avskyr den boken f\u00f6r dess spr\u00e5k. Sj\u00e4lv tycker jag Lagercrantz verkar ha lyckats bra med att gestalta Zlatans s\u00e4tt att tala och vara, men det \u00e4r ju en smaksak och jag h\u00f6r inte Z tala varje dag precis. I vilket fall har jag st\u00f6rre f\u00f6rst\u00e5else f\u00f6r hans egenheter efter\u00e5t, \u00e4ven de som jag inte gillar. Hur \u00e4r det de skriver p\u00e5 den ber\u00f6mda skylten ovanf\u00f6r g\u00e5ngtunneln i hans hemkvarter?<\/p>\n<p style=\"padding-left: 30px;\"><em>\u201dMan kan ta en kille fr\u00e5n Roseng\u00e5rd. Men man kan inte ta Roseng\u00e5rd fr\u00e5n en kille.\u201d<\/em><\/p>\n<p>Jag beh\u00f6ver inte fundera mycket \u00f6ver min egen uppv\u00e4xt p\u00e5 ett jordbruk l\u00e5ngt borta i en v\u00e4rml\u00e4ndsk utkantsskog, f\u00f6r att f\u00f6rst\u00e5 det resonemanget. Man kan ta en sm\u00e5brukarson fr\u00e5n grusv\u00e4gen, men man kan inte ta grusv\u00e4gen fr\u00e5n en sm\u00e5brukarson.<\/p>\n<p><strong>N\u00e4r sista barndomsv\u00e4nnen dog<br \/>\n<\/strong>I mitt fall \u00e4r barndomen ett ljust minne. Ont om pengar, gott om harmoni. Det kan man inte s\u00e4ga om <strong><a href=\"http:\/\/sv.wikipedia.org\/wiki\/Kristian_Lundberg\">Kristian Lundbergs<\/a> <\/strong>uppv\u00e4xt i bland annat just Roseng\u00e5rd. I g\u00e5r kv\u00e4ll skulle han ha g\u00e4stat Karlstads Bokcaf\u00e9 och Stadsbiblioteket f\u00f6r att ber\u00e4tta om sin nya bok <a href=\"http:\/\/www.adlibris.com\/se\/product.aspx?isbn=9146223533\">En hemstad \u2013 ber\u00e4ttelsen om att f\u00e4rdas genom klassm\u00f6rkret<\/a> (Wahlstr\u00f6m &amp; Widstrand).<\/p>\n<p>Framtr\u00e4dandet blev inst\u00e4llt, han blev akut sjuk n\u00e5gra dagar tidigare. Det k\u00e4nns en aning snopet, men ocks\u00e5 en arbetarf\u00f6rfattare har r\u00e4tt att bli sjuk mitt i genombrottet. Jag \u00e4gnar tisdagskv\u00e4llen \u00e5t att l\u00e4sa <a href=\"http:\/\/www.svt.se\/kultur\/recension-kristian-lundberg-en-hemstad\">goda<\/a> <a href=\"http:\/\/www.tidningenkulturen.se\/artiklar\/litteratur\/litteraturkritik\/14654-litteratur-kristian-lundberg-en-hemstad-beraettelsen-om-att-faerdas-genom-klassmoerkret\">recensioner<\/a> av boken via facebook i st\u00e4llet, och den f\u00e4rska intervjun i Aftonbladet:<\/p>\n<p style=\"padding-left: 30px;\"><a href=\"http:\/\/www.aftonbladet.se\/nyheter\/bocker\/article16625415.ab\">\u201dAtt l\u00e4sa och skriva blev min r\u00e4ddning\u201d<br \/>\n<\/a><a href=\"http:\/\/www.aftonbladet.se\/nyheter\/bocker\/article16625415.ab\">Kristian Lundberg b\u00f6rjade skriva om sin uppv\u00e4xt n\u00e4r sista barndomsv\u00e4nnen dog<\/a><\/p>\n<p><strong><a href=\"https:\/\/sven-ove.nu\/wp-content\/uploads\/2013\/04\/Enander-Lundberg3.jpg\"><img loading=\"lazy\" decoding=\"async\" class=\"alignright size-medium wp-image-5440\" title=\"Enander &amp; Lundberg\" src=\"https:\/\/sven-ove.nu\/wp-content\/uploads\/2013\/04\/Enander-Lundberg3-300x225.jpg\" alt=\"\" width=\"300\" height=\"225\" srcset=\"https:\/\/sven-ove.nu\/wp-content\/uploads\/2013\/04\/Enander-Lundberg3-300x225.jpg 300w, https:\/\/sven-ove.nu\/wp-content\/uploads\/2013\/04\/Enander-Lundberg3-1024x768.jpg 1024w, https:\/\/sven-ove.nu\/wp-content\/uploads\/2013\/04\/Enander-Lundberg3.jpg 1600w\" sizes=\"auto, (max-width: 300px) 100vw, 300px\" \/><\/a>Stal allt vi vunnit<br \/>\n<\/strong>Nyss kom hans och kollegan <strong><a href=\"http:\/\/sv.wikipedia.org\/wiki\/Crister_Enander\">Crister Enanders<\/a><\/strong> bok <a href=\"http:\/\/www.bokus.com\/bok\/9789173271868\/hat-black-en-dialog-om-klasshat-litteratur-och-manniskans-varde\/\">Hat &amp; Bl\u00e4ck<\/a> ut. En dialog om klasshat, litteratur och m\u00e4nniskans v\u00e4rde, som underrubriken lyder (Bokf\u00f6rlaget h:str\u00f6m \u2013 Text &amp; Kultur). \u00c4ven d\u00e4r finns det m\u00f6rka, h\u00e4r med Kristian Lundbergs ord i den brevv\u00e4xling som boken best\u00e5r av:<\/p>\n<p style=\"padding-left: 30px;\"><em>\u201dDet goda hatet. Ja, s\u00e5 vill jag kalla det: Det goda hatet.<\/em><\/p>\n<p style=\"padding-left: 30px;\"><em>Kanske \u00e4r det inget att orda om. De som har samma bakgrund som du och jag vet vad det handlar om. Hur starkt det \u00e4r som drivkraft, och hur avg\u00f6rande det \u00e4r f\u00f6r hur vi betraktar v\u00e4rlden, andra m\u00e4nniskor och \u2013 inte minst \u2013 oss sj\u00e4lva.\u201d<\/em><\/p>\n<p>Efter mycken m\u00f6da och mycken klasskamp lyckades svenska arbetare flytta sina positioner fram\u00e5t ett stycke. Sedan kom n\u00e5gon och stal alltihop, skriver han.<\/p>\n<p style=\"padding-left: 30px;\"><em>\u201dHur kunde det komma sig att vi idag har skapat ett system som f\u00f6rhindrar oss att vara s\u00e5 goda som vi verkligen \u00e4r? Hur kan det d\u00e5 komma sig att vi genom exempelvis bemanningsf\u00f6retagen har lyckats med att \u00e5sidos\u00e4tta alla de landvinningar som arbetarr\u00f6relsen k\u00e4mpade sig fram till? Hur kommer det sig att v\u00e5rd och omsorg blev en fr\u00e5ga om \u00f6ren och kronor? N\u00e4r jag arbetade p\u00e5 Yarden var vi alla anst\u00e4llda genom bemanningsf\u00f6retag. Vi fick arbete p\u00e5 beting, en dag i taget. Vi var helt utl\u00e4mnade. Jag skall ge ett konkret exempel. En v\u00e4n klagade p\u00e5 att arbetskl\u00e4derna var f\u00f6r tunna. De sl\u00e4ppte in v\u00e4ta. Han klagade ocks\u00e5 p\u00e5 att skorna var av d\u00e5lig kvalitet. Morgonen efter samlades vi vid arbetet. Det var uppenbart att han saknades. Han ringdes inte in till arbete n\u00e4sta dag. Och aldrig kom n\u00e5gon att klaga p\u00e5 kl\u00e4derna igen, p\u00e5 skorna. Hur kunde det bli s\u00e5 h\u00e4r? R\u00e4dsla \u00e4r den k\u00e4nsla som dominerar arbetsmarknaden. Hur kunde v\u00e5ra \u00e5r av kamp \u2013 v\u00e5ra vinster och f\u00f6rluster \u2013 pl\u00f6tsligt kidnappas bakom v\u00e5r rygg? Vem stal v\u00e5r trygghet? Vem sade pl\u00f6tsligt en dag: \u2019Nej. Vi skall inte ta hand om v\u00e5r broder!\u2019 och tvingade oss in i ett system av or\u00e4ttf\u00e4rdighet. Vem tog bort v\u00e5r m\u00f6jlighet att v\u00e4lja?\u201d<\/em><\/p>\n<p><strong>Lunch till dig eller barnen?<br \/>\n<\/strong>Samtalen p\u00e5 Yarden, hans arbete i Malm\u00f6 hamn, handlade ofta om konkreta fr\u00e5gor, skriver han. D\u00e4r, i detta miniatyrsverige bakom galler och staket, flyttade de bilar till och fr\u00e5n b\u00e5tar och talade om busskort <strong>eller<\/strong> nya gymnastikskor till barnen. Lunch till sig sj\u00e4lv <strong>eller<\/strong> mats\u00e4ck \u00e5t barnen p\u00e5 deras utflykt.<\/p>\n<p>\u201dEller\u201d kan vara ett f\u00f6rf\u00e4rligt ord.<\/p>\n<p>Tror du att svensk barnfattigdom \u00e4r n\u00e5got som h\u00f6r 1800-talet till? N\u00e5got f\u00f6r historieb\u00f6ckerna? D\u00e5 tycker jag du ska l\u00e4sa Kristian Lundbergs skildringar av sin egen barndom och uppv\u00e4xt. Fattigdomen fanns nyss och finns \u00e4n i dag.<\/p>\n<p style=\"padding-left: 30px;\"><em>\u201dN\u00e5gonstans, n\u00e5gonstans l\u00e5ngt borta i avl\u00e4gsna direktionsrum och parti\u00f6verl\u00e4ggningar fattades det makrobeslut som vi fick verkst\u00e4lla genom v\u00e5ra liv p\u00e5 mikroniv\u00e5. \u00c4ta eller \u00e4tas.\u201d<\/em><\/p>\n<p><em> <\/em><\/p>\n<p>D\u00e4r var det igen, ordet. Eller.<\/p>\n<p><strong>\u00c4rligaste fattigdomsskildringen<br \/>\n<\/strong>Nyss l\u00e4ste jag hans genombrottsroman fr\u00e5n 2009, <a href=\"http:\/\/www.svd.se\/kultur\/litteratur\/den-ofrivillige-wallraffaren_3580521.svd\">Yarden<\/a> (Symposion f\u00f6rlag). Boken \u00e4r bland mycket annat en skildring av en omv\u00e4nd klassresa, tillbaka till fattigdomen och det h\u00e5rda kroppsarbetet. N\u00e4r poeten Lundberg drabbas av akut penningn\u00f6d f\u00e5r han ta jobb i hamnen f\u00f6r att f\u00f6rs\u00f6rja sig.<\/p>\n<p>Hela romanen handlar om det. Att sakna pengar. \u00c4rligare har jag aldrig sett modern svensk fattigdom skildras. Tv\u00e5nget att tiga inf\u00f6r h\u00e5rdh\u00e4nta arbetsk\u00f6parrepresentanter, s\u00e5 som de tvingas till, arbetarna som flyttar bilar p\u00e5 Yarden.<\/p>\n<p>Vad jag tycker om den nya boken <strong>En hemstad<\/strong>? Vet inte riktigt, svart men bra som de tidigare b\u00f6ckerna skulle jag tro. Jag hade t\u00e4nkt k\u00f6pa den i g\u00e5r, efter att ha h\u00f6rt f\u00f6rfattaren ber\u00e4tta. N\u00e5, livet g\u00e5r vidare, det blir fler chanser att m\u00f6ta hans ber\u00e4ttelse.<\/p>\n<p style=\"padding-left: 30px;\"><strong>L\u00e4s Kristian Lundberg, du som inte tror att Sverige \u00e4r ett klassamh\u00e4lle. Du som inte tror att det finns r\u00f6stl\u00f6sa medm\u00e4nniskor i familjen Bernadottes och de pappersl\u00f6sa svartjobbarnas varsina konungariken. L\u00e4s Kristian Lundberg.<\/strong><\/p>\n<p style=\"padding-left: 30px;\"><strong><br \/>\n<\/strong><\/p>\n","protected":false},"excerpt":{"rendered":"<p>Varf\u00f6r har Zlatan Ibrahimovic blivit som han \u00e4r? Hur mycket har hans uppv\u00e4xt i ett fattigt Roseng\u00e5rd pr\u00e4glat honom? H\u00e4rom \u00e5ret kom boken Jag \u00e4r Zlatan d\u00e4r f\u00f6rfattaren David Lagercrantz hj\u00e4lper fotbollsspelaren att ber\u00e4tta om sitt liv. Jag har v\u00e4nner som avskyr den boken f\u00f6r dess spr\u00e5k. Sj\u00e4lv tycker jag Lagercrantz verkar ha lyckats bra &hellip; <a href=\"https:\/\/sven-ove.nu\/?p=5431\" class=\"more-link\">Forts\u00e4tt l\u00e4sa <span class=\"screen-reader-text\">Hat &#038; bl\u00e4ck &#038; Roseng\u00e5rd<\/span><\/a><\/p>\n","protected":false},"author":1,"featured_media":0,"comment_status":"open","ping_status":"open","sticky":false,"template":"","format":"standard","meta":{"_crdt_document":"","_monsterinsights_skip_tracking":false,"_monsterinsights_sitenote_active":false,"_monsterinsights_sitenote_note":"","_monsterinsights_sitenote_category":0,"footnotes":""},"categories":[10,4],"tags":[3,18,14,17],"class_list":["post-5431","post","type-post","status-publish","format-standard","hentry","category-familjen","category-skrivande","tag-arbete","tag-lardomar","tag-lasning","tag-solidaritet"],"_links":{"self":[{"href":"https:\/\/sven-ove.nu\/index.php?rest_route=\/wp\/v2\/posts\/5431","targetHints":{"allow":["GET"]}}],"collection":[{"href":"https:\/\/sven-ove.nu\/index.php?rest_route=\/wp\/v2\/posts"}],"about":[{"href":"https:\/\/sven-ove.nu\/index.php?rest_route=\/wp\/v2\/types\/post"}],"author":[{"embeddable":true,"href":"https:\/\/sven-ove.nu\/index.php?rest_route=\/wp\/v2\/users\/1"}],"replies":[{"embeddable":true,"href":"https:\/\/sven-ove.nu\/index.php?rest_route=%2Fwp%2Fv2%2Fcomments&post=5431"}],"version-history":[{"count":7,"href":"https:\/\/sven-ove.nu\/index.php?rest_route=\/wp\/v2\/posts\/5431\/revisions"}],"predecessor-version":[{"id":5475,"href":"https:\/\/sven-ove.nu\/index.php?rest_route=\/wp\/v2\/posts\/5431\/revisions\/5475"}],"wp:attachment":[{"href":"https:\/\/sven-ove.nu\/index.php?rest_route=%2Fwp%2Fv2%2Fmedia&parent=5431"}],"wp:term":[{"taxonomy":"category","embeddable":true,"href":"https:\/\/sven-ove.nu\/index.php?rest_route=%2Fwp%2Fv2%2Fcategories&post=5431"},{"taxonomy":"post_tag","embeddable":true,"href":"https:\/\/sven-ove.nu\/index.php?rest_route=%2Fwp%2Fv2%2Ftags&post=5431"}],"curies":[{"name":"wp","href":"https:\/\/api.w.org\/{rel}","templated":true}]}}