{"id":5457,"date":"2013-05-01T04:00:11","date_gmt":"2013-05-01T03:00:11","guid":{"rendered":"http:\/\/sven-ove.nu\/?p=5457"},"modified":"2013-04-26T15:08:27","modified_gmt":"2013-04-26T14:08:27","slug":"den-omsinta-versionen","status":"publish","type":"post","link":"https:\/\/sven-ove.nu\/?p=5457","title":{"rendered":"Den \u00f6msinta versionen"},"content":{"rendered":"<p><a href=\"https:\/\/sven-ove.nu\/wp-content\/uploads\/2013\/05\/Moln-\u00f6ver-Grossbolstorp.jpg\"><img loading=\"lazy\" decoding=\"async\" class=\"size-medium wp-image-5460 alignright\" title=\"Moln \u00f6ver Grossbolstorp\" src=\"https:\/\/sven-ove.nu\/wp-content\/uploads\/2013\/05\/Moln-\u00f6ver-Grossbolstorp-300x146.jpg\" alt=\"\" width=\"300\" height=\"146\" srcset=\"https:\/\/sven-ove.nu\/wp-content\/uploads\/2013\/05\/Moln-\u00f6ver-Grossbolstorp-300x146.jpg 300w, https:\/\/sven-ove.nu\/wp-content\/uploads\/2013\/05\/Moln-\u00f6ver-Grossbolstorp-1024x501.jpg 1024w\" sizes=\"auto, (max-width: 300px) 100vw, 300px\" \/><\/a><\/p>\n<p><strong>F\u00f6rsta maj.<\/strong> En dag med historia, \u00e4ven f\u00f6r mig personligen. Roliga dagar d\u00e5 vi fick r\u00f6rt \u00e4gg med socker som barn, f\u00f6r det hade morfar, den facklige pionj\u00e4ren, gjort till tradition f\u00f6r mamma och hennes syskon. Upproriska dagar, n\u00e5got senare, d\u00e5 vi gick bakom r\u00f6da fanor och ville f\u00f6r\u00e4ndra. N\u00e5got mer demokratiskt upproriska dagar, \u00e4nnu senare, d\u00e5 vi gick bakom r\u00f6da fanor och ville f\u00f6r\u00e4ndra. Dessutom ett tiotal \u00e5r, d\u00e5 jag k\u00e5serade och talade allvar vid v\u00e5ra lokala f\u00f6rsta maj-m\u00f6ten i Forshaga och Deje. Den inbjudan var jag stolt \u00f6ver.<\/p>\n<p>Majar g\u00f6r vi ocks\u00e5, det \u00e4r en annan tradition vi tycker om.<\/p>\n<p><strong>Internationalen p\u00e5 franskt bluesmunspel<br \/>\n<\/strong>H\u00e4r \u00e4r den vackraste versionen av dagens egen kamps\u00e5ng. En version f\u00f6r eftert\u00e4nksamt demokratiska socialister med k\u00e4nsligt sinne. Han som spelar heter <strong>Jean-Jacques Milteau<\/strong>. Varf\u00f6r l\u00e5ten f\u00f6rsvann fr\u00e5n Spotify vet jag inte, men h\u00e4r \u00e4r en youtube-version som n\u00e5gon lagt ut. Tack f\u00f6r det.<\/p>\n<p style=\"padding-left: 30px;\">F\u00f6r\u00e4ndra vill vi \u00e4n. Jag blir fortfarande varm om hj\u00e4rtat n\u00e4r jag h\u00f6r Internationalen. Blodet bultar r\u00f6tt och hett, eftertanken \u00e4r \u00f6msint men m\u00e5let kvar.<\/p>\n<p style=\"padding-left: 30px;\">L\u00e4nk: <a href=\"http:\/\/www.youtube.com\/watch?v=1f3lwPELGgo\">Jean-Jacques Milteau: L\u2019Internationale<\/a><\/p>\n<p style=\"padding-left: 30px;\">&nbsp;<\/p>\n","protected":false},"excerpt":{"rendered":"<p>F\u00f6rsta maj. En dag med historia, \u00e4ven f\u00f6r mig personligen. Roliga dagar d\u00e5 vi fick r\u00f6rt \u00e4gg med socker som barn, f\u00f6r det hade morfar, den facklige pionj\u00e4ren, gjort till tradition f\u00f6r mamma och hennes syskon. Upproriska dagar, n\u00e5got senare, d\u00e5 vi gick bakom r\u00f6da fanor och ville f\u00f6r\u00e4ndra. N\u00e5got mer demokratiskt upproriska dagar, \u00e4nnu &hellip; <a href=\"https:\/\/sven-ove.nu\/?p=5457\" class=\"more-link\">Forts\u00e4tt l\u00e4sa <span class=\"screen-reader-text\">Den \u00f6msinta versionen<\/span><\/a><\/p>\n","protected":false},"author":1,"featured_media":0,"comment_status":"open","ping_status":"open","sticky":false,"template":"","format":"standard","meta":{"_crdt_document":"","_monsterinsights_skip_tracking":false,"_monsterinsights_sitenote_active":false,"_monsterinsights_sitenote_note":"","_monsterinsights_sitenote_category":0,"footnotes":""},"categories":[10,9],"tags":[3,8,24,17],"class_list":["post-5457","post","type-post","status-publish","format-standard","hentry","category-familjen","category-politik","tag-arbete","tag-historia","tag-karlek","tag-solidaritet"],"_links":{"self":[{"href":"https:\/\/sven-ove.nu\/index.php?rest_route=\/wp\/v2\/posts\/5457","targetHints":{"allow":["GET"]}}],"collection":[{"href":"https:\/\/sven-ove.nu\/index.php?rest_route=\/wp\/v2\/posts"}],"about":[{"href":"https:\/\/sven-ove.nu\/index.php?rest_route=\/wp\/v2\/types\/post"}],"author":[{"embeddable":true,"href":"https:\/\/sven-ove.nu\/index.php?rest_route=\/wp\/v2\/users\/1"}],"replies":[{"embeddable":true,"href":"https:\/\/sven-ove.nu\/index.php?rest_route=%2Fwp%2Fv2%2Fcomments&post=5457"}],"version-history":[{"count":5,"href":"https:\/\/sven-ove.nu\/index.php?rest_route=\/wp\/v2\/posts\/5457\/revisions"}],"predecessor-version":[{"id":5474,"href":"https:\/\/sven-ove.nu\/index.php?rest_route=\/wp\/v2\/posts\/5457\/revisions\/5474"}],"wp:attachment":[{"href":"https:\/\/sven-ove.nu\/index.php?rest_route=%2Fwp%2Fv2%2Fmedia&parent=5457"}],"wp:term":[{"taxonomy":"category","embeddable":true,"href":"https:\/\/sven-ove.nu\/index.php?rest_route=%2Fwp%2Fv2%2Fcategories&post=5457"},{"taxonomy":"post_tag","embeddable":true,"href":"https:\/\/sven-ove.nu\/index.php?rest_route=%2Fwp%2Fv2%2Ftags&post=5457"}],"curies":[{"name":"wp","href":"https:\/\/api.w.org\/{rel}","templated":true}]}}