{"id":5490,"date":"2013-04-28T03:00:38","date_gmt":"2013-04-28T02:00:38","guid":{"rendered":"http:\/\/sven-ove.nu\/?p=5490"},"modified":"2013-04-27T19:42:22","modified_gmt":"2013-04-27T18:42:22","slug":"fyll-i-och-se-vilken-klass-du-hor-till","status":"publish","type":"post","link":"https:\/\/sven-ove.nu\/?p=5490","title":{"rendered":"Fyll i och se vilken klass du h\u00f6r till"},"content":{"rendered":"<p>Klyftorna i Sverige minskar inte, de har \u00f6kat sedan 1970-talet. Mycket g\u00e5r fram\u00e5t i v\u00e4rlden, men r\u00e4ttvis och j\u00e4mlik \u00e4r den inte. Fortfarande s\u00e4ger det lilla ordet \u201deller\u201d n\u00e5gonting om v\u00e5rt samh\u00e4lle.<\/p>\n<p style=\"padding-left: 30px;\">Rik eller fattig. Den ene v\u00e4ljer mellan den ena eller den andra skidorten i Alperna p\u00e5 sportlovet, den andre mellan busskort eller nya gympaskor \u00e5t barnen.<\/p>\n<p><strong>Klasser<\/strong>. Tro inte att de \u00e4r borta, bara f\u00f6r att \u00f6verheten inte l\u00e4ngre bor i en herrg\u00e5rd v\u00e4l synlig \u00f6ver bruksk\u00e5karna. Herrskapet har bara flytt till en egen stadsdel, g\u00e4rna en gammal ruffig en som f\u00e5tt ny status. Gentrifierats. Pl\u00f6tsligt blev de sm\u00e5 masonitsommarstugorna l\u00e5ngt borta i stadens utkant ombyggda till stora schabrak med en 4wd p\u00e5 varje uppfart. Klassamh\u00e4llet ser annorlunda ut 2013, det \u00e4r allt. Sj\u00f6utsikten har f\u00e5tt ett v\u00e4rde.<\/p>\n<p><a href=\"http:\/\/arbetet.se\/2013\/04\/26\/nya-klasser-for-nya-tider\/\" target=\"_blank\"><img loading=\"lazy\" decoding=\"async\" class=\"alignright size-medium wp-image-5492\" title=\"Klasser\" src=\"https:\/\/sven-ove.nu\/wp-content\/uploads\/2013\/04\/Klasser1-189x300.jpg\" alt=\"\" width=\"189\" height=\"300\" srcset=\"https:\/\/sven-ove.nu\/wp-content\/uploads\/2013\/04\/Klasser1-189x300.jpg 189w, https:\/\/sven-ove.nu\/wp-content\/uploads\/2013\/04\/Klasser1.jpg 460w\" sizes=\"auto, (max-width: 189px) 100vw, 189px\" \/><\/a>Att d\u00e4remot analysera exakt vilka klasser som finns och vem som h\u00f6r till vilken klass \u00e4r sv\u00e5rare. Det har m\u00e5nga f\u00f6rs\u00f6kt. H\u00e4r \u00e4r det senaste resultatet. <a href=\"http:\/\/arbetet.se\/2013\/04\/26\/nya-klasser-for-nya-tider\/\">Klicka p\u00e5 l\u00e4nken<\/a>, fyll i och se vem de brittiska forskarna tycker att du \u00e4r.<\/p>\n<p>Lite sp\u00e4nnande, mycket skr\u00e4mmande.<\/p>\n<p>&nbsp;<\/p>\n<p style=\"padding-left: 30px;\"><em>100 kronor \u00e4r 9,84 pund, det kan vara bra att veta, eftersom testet \u00e4r p\u00e5 engelska.<\/em><\/p>\n<p style=\"padding-left: 30px;\"><em>Tycker du att den brittiska klassenk\u00e4ten \u00e4r tramsig? L\u00e4s <strong>Crister Enanders<\/strong> ess\u00e4 <strong><a href=\"http:\/\/arbetet.se\/2013\/04\/26\/skillnaderna-finns-de-styr-oss\/\">Skillnaderna finns. De styr oss.<\/a><\/strong> som \u00e4ven den presenteras p\u00e5 Arbetet.se. \u201dToleransen mot arbetargrabbar \u00e4r ocks\u00e5 avsev\u00e4rt st\u00f6rre \u00e4n mot arbetartjejerna. \u00c4ven om \u00e4ven vi m\u00e4n m\u00e5ste h\u00e5lla oss inom klart definierade och p\u00e5 f\u00f6rhand givna ramar s\u00e5 \u00e4r det m\u00f6jligt att g\u00f6ra karri\u00e4r inom kulturv\u00e4rlden samtidigt som man framst\u00e5r som lagom br\u00e5kig, nedtonat kaxig och sm\u00e5aggressiv. Tjejerna d\u00e4remot m\u00e5ste vara duktiga.\u201d<\/em><\/p>\n<p style=\"padding-left: 30px;\"><em><br \/>\n<\/em><\/p>\n","protected":false},"excerpt":{"rendered":"<p>Klyftorna i Sverige minskar inte, de har \u00f6kat sedan 1970-talet. Mycket g\u00e5r fram\u00e5t i v\u00e4rlden, men r\u00e4ttvis och j\u00e4mlik \u00e4r den inte. Fortfarande s\u00e4ger det lilla ordet \u201deller\u201d n\u00e5gonting om v\u00e5rt samh\u00e4lle. Rik eller fattig. Den ene v\u00e4ljer mellan den ena eller den andra skidorten i Alperna p\u00e5 sportlovet, den andre mellan busskort eller nya &hellip; <a href=\"https:\/\/sven-ove.nu\/?p=5490\" class=\"more-link\">Forts\u00e4tt l\u00e4sa <span class=\"screen-reader-text\">Fyll i och se vilken klass du h\u00f6r till<\/span><\/a><\/p>\n","protected":false},"author":1,"featured_media":0,"comment_status":"open","ping_status":"open","sticky":false,"template":"","format":"standard","meta":{"_crdt_document":"","_monsterinsights_skip_tracking":false,"_monsterinsights_sitenote_active":false,"_monsterinsights_sitenote_note":"","_monsterinsights_sitenote_category":0,"footnotes":""},"categories":[9],"tags":[18],"class_list":["post-5490","post","type-post","status-publish","format-standard","hentry","category-politik","tag-lardomar"],"_links":{"self":[{"href":"https:\/\/sven-ove.nu\/index.php?rest_route=\/wp\/v2\/posts\/5490","targetHints":{"allow":["GET"]}}],"collection":[{"href":"https:\/\/sven-ove.nu\/index.php?rest_route=\/wp\/v2\/posts"}],"about":[{"href":"https:\/\/sven-ove.nu\/index.php?rest_route=\/wp\/v2\/types\/post"}],"author":[{"embeddable":true,"href":"https:\/\/sven-ove.nu\/index.php?rest_route=\/wp\/v2\/users\/1"}],"replies":[{"embeddable":true,"href":"https:\/\/sven-ove.nu\/index.php?rest_route=%2Fwp%2Fv2%2Fcomments&post=5490"}],"version-history":[{"count":9,"href":"https:\/\/sven-ove.nu\/index.php?rest_route=\/wp\/v2\/posts\/5490\/revisions"}],"predecessor-version":[{"id":5501,"href":"https:\/\/sven-ove.nu\/index.php?rest_route=\/wp\/v2\/posts\/5490\/revisions\/5501"}],"wp:attachment":[{"href":"https:\/\/sven-ove.nu\/index.php?rest_route=%2Fwp%2Fv2%2Fmedia&parent=5490"}],"wp:term":[{"taxonomy":"category","embeddable":true,"href":"https:\/\/sven-ove.nu\/index.php?rest_route=%2Fwp%2Fv2%2Fcategories&post=5490"},{"taxonomy":"post_tag","embeddable":true,"href":"https:\/\/sven-ove.nu\/index.php?rest_route=%2Fwp%2Fv2%2Ftags&post=5490"}],"curies":[{"name":"wp","href":"https:\/\/api.w.org\/{rel}","templated":true}]}}