{"id":5502,"date":"2013-05-02T03:00:13","date_gmt":"2013-05-02T02:00:13","guid":{"rendered":"http:\/\/sven-ove.nu\/?p=5502"},"modified":"2013-04-28T07:34:45","modified_gmt":"2013-04-28T06:34:45","slug":"lopningen-blir-vardagsmode","status":"publish","type":"post","link":"https:\/\/sven-ove.nu\/?p=5502","title":{"rendered":"L\u00f6pningen blir vardagsmode"},"content":{"rendered":"<p>L\u00f6parv\u00e5gen g\u00e5r \u00f6ver Sverige. Det \u00e4r bra. L\u00f6pningen som livsstil har blivit s\u00e5 modern, att tjejer g\u00e5r i l\u00f6partights till vardags.<\/p>\n<p>Nu v\u00e4ntar jag bara att det ska bli snyggt att g\u00e5 med v\u00e4tskeb\u00e4lte ocks\u00e5.<br \/>\nEn vanlig tisdag p\u00e5 V\u00e4stra Torggatan.<\/p>\n<p>&nbsp;<\/p>\n<p style=\"padding-left: 30px;\"><a href=\"https:\/\/sven-ove.nu\/wp-content\/uploads\/2013\/05\/Utbytesb\u00e4ltet.jpg\"><img loading=\"lazy\" decoding=\"async\" class=\"alignleft size-medium wp-image-5505\" title=\"Utbytesb\u00e4ltet\" src=\"https:\/\/sven-ove.nu\/wp-content\/uploads\/2013\/05\/Utbytesb\u00e4ltet-300x120.jpg\" alt=\"\" width=\"300\" height=\"120\" srcset=\"https:\/\/sven-ove.nu\/wp-content\/uploads\/2013\/05\/Utbytesb\u00e4ltet-300x120.jpg 300w, https:\/\/sven-ove.nu\/wp-content\/uploads\/2013\/05\/Utbytesb\u00e4ltet-1024x411.jpg 1024w, https:\/\/sven-ove.nu\/wp-content\/uploads\/2013\/05\/Utbytesb\u00e4ltet.jpg 1581w\" sizes=\"auto, (max-width: 300px) 100vw, 300px\" \/><\/a><\/p>\n<p>&nbsp;<\/p>\n<p>&nbsp;<\/p>\n<p style=\"padding-left: 30px;\"><em>Ni kan f\u00e5 mitt b\u00e4lte som det inte g\u00e5r att ta l\u00f6s flaskorna ur. Inbytesb\u00e4ltet. Jag fick det n\u00e4r sp\u00e4nnet gick s\u00f6nder p\u00e5 f\u00f6rsta exemplaret efter bara tio l\u00f6ppass. Tv\u00e5 av flaskorna kr\u00e4ver en utbrytarkung f\u00f6r att lossna och n\u00e5 min mun. Det \u00e4r s\u00e4llan jag har n\u00e5gon utbrytarkung med mig n\u00e4r jag springer.<\/em><\/p>\n","protected":false},"excerpt":{"rendered":"<p>L\u00f6parv\u00e5gen g\u00e5r \u00f6ver Sverige. Det \u00e4r bra. L\u00f6pningen som livsstil har blivit s\u00e5 modern, att tjejer g\u00e5r i l\u00f6partights till vardags. Nu v\u00e4ntar jag bara att det ska bli snyggt att g\u00e5 med v\u00e4tskeb\u00e4lte ocks\u00e5. En vanlig tisdag p\u00e5 V\u00e4stra Torggatan. &nbsp; &nbsp; &nbsp; Ni kan f\u00e5 mitt b\u00e4lte som det inte g\u00e5r att ta &hellip; <a href=\"https:\/\/sven-ove.nu\/?p=5502\" class=\"more-link\">Forts\u00e4tt l\u00e4sa <span class=\"screen-reader-text\">L\u00f6pningen blir vardagsmode<\/span><\/a><\/p>\n","protected":false},"author":1,"featured_media":0,"comment_status":"open","ping_status":"open","sticky":false,"template":"","format":"standard","meta":{"_crdt_document":"","_monsterinsights_skip_tracking":false,"_monsterinsights_sitenote_active":false,"_monsterinsights_sitenote_note":"","_monsterinsights_sitenote_category":0,"footnotes":""},"categories":[5],"tags":[18,20,13],"class_list":["post-5502","post","type-post","status-publish","format-standard","hentry","category-lopning","tag-lardomar","tag-rad","tag-utrustning"],"_links":{"self":[{"href":"https:\/\/sven-ove.nu\/index.php?rest_route=\/wp\/v2\/posts\/5502","targetHints":{"allow":["GET"]}}],"collection":[{"href":"https:\/\/sven-ove.nu\/index.php?rest_route=\/wp\/v2\/posts"}],"about":[{"href":"https:\/\/sven-ove.nu\/index.php?rest_route=\/wp\/v2\/types\/post"}],"author":[{"embeddable":true,"href":"https:\/\/sven-ove.nu\/index.php?rest_route=\/wp\/v2\/users\/1"}],"replies":[{"embeddable":true,"href":"https:\/\/sven-ove.nu\/index.php?rest_route=%2Fwp%2Fv2%2Fcomments&post=5502"}],"version-history":[{"count":3,"href":"https:\/\/sven-ove.nu\/index.php?rest_route=\/wp\/v2\/posts\/5502\/revisions"}],"predecessor-version":[{"id":5504,"href":"https:\/\/sven-ove.nu\/index.php?rest_route=\/wp\/v2\/posts\/5502\/revisions\/5504"}],"wp:attachment":[{"href":"https:\/\/sven-ove.nu\/index.php?rest_route=%2Fwp%2Fv2%2Fmedia&parent=5502"}],"wp:term":[{"taxonomy":"category","embeddable":true,"href":"https:\/\/sven-ove.nu\/index.php?rest_route=%2Fwp%2Fv2%2Fcategories&post=5502"},{"taxonomy":"post_tag","embeddable":true,"href":"https:\/\/sven-ove.nu\/index.php?rest_route=%2Fwp%2Fv2%2Ftags&post=5502"}],"curies":[{"name":"wp","href":"https:\/\/api.w.org\/{rel}","templated":true}]}}